{"id":727,"date":"2009-10-14T18:21:03","date_gmt":"2009-10-14T16:21:03","guid":{"rendered":"\/parlonsen\/?p=727"},"modified":"2010-02-01T23:26:37","modified_gmt":"2010-02-01T21:26:37","slug":"le-retour-du-jeudi-demandez-le-programme","status":"publish","type":"post","link":"https:\/\/www.o-p-i.fr\/parlonsen\/parlons-en\/culture\/le-retour-du-jeudi-demandez-le-programme\/","title":{"rendered":"Le Retour du jeudi : demandez le programme !"},"content":{"rendered":"<p style=\"text-align: justify;\">Comme chaque semaine, retrouvez les informations culturelles et associatives de la semaine sur le campus Champollion &#8230;<\/p>\n<p style=\"text-align: justify;\">\n<p style=\"text-align: justify;\"><!--more--><br \/>\n&#8211; <strong>JEUDI 15 OCTOBRE entre 10 h et 16 h<\/strong> : <span style=\"color: #808000;\"><strong>LE PHOTOMATON <\/strong><\/span><br \/>\nCette semaine, le Retour du Jeudi s&rsquo;installe en journ\u00e9e dans le<strong> hall de la Maison du Multim\u00e9dia<\/strong><\/p>\n<p>Le Photomaton, par la Compagnie TGV, en avant-premi\u00e8re du spectacle \u00ab\u00a0Autoportrait XX\u00a0\u00bb propos\u00e9 lors de la Cour des Miracles vendredi 23 octobre \u00e0 18 h, en partenariat avec le Th\u00e9\u00e2tre du Colombier. Gratuit.<\/p>\n<p style=\"text-align: justify;\">Aujourd&rsquo;hui sur les photomatons des villes, on peut lire cette phrase : \u00ab <em>on ne rigole pas avec son identit\u00e9<\/em> \u00bb. S&rsquo;en suivent une s\u00e9rie de consignes pour faire des photos d&rsquo;identit\u00e9 : un visage neutre, pas de chapeau, de foulard, pas de lunettes, une expression neutre. On ne rit pas sur sa photo d&rsquo;identit\u00e9. Qu&rsquo;est ce qu&rsquo;une identit\u00e9 ? Le photomaton que nous avons cr\u00e9\u00e9 d\u00e9tourne tout cela. C&rsquo;est une zone du sensible, de libert\u00e9 de paroles et de jeu. On ne s&rsquo;y prend pas en photo, on r\u00e9pond \u00e0 un questionnaire sur le mode d&rsquo;un \u00ab chat \u00bb. De la conversation na\u00eet un autoportrait. Comment je me d\u00e9finis ? Comment est-ce que je me vois et comment les autres me per\u00e7oivent ? Qu&rsquo;est ce que je donne \u00e0 voir ? Mon identit\u00e9 me fait-elle appartenir \u00e0 une communaut\u00e9 et qu&rsquo;est ce qui d\u00e9finit cette communaut\u00e9 ? L\u00e0 o\u00f9 le visiteur s&rsquo;installe, la cabine est \u00e9quip\u00e9e d&rsquo;un \u00e9cran qui prend la place du cadre dans lequel on prend habituellement les photos, d&rsquo;une webcam et d&rsquo;un clavier. Sur l&rsquo;\u00e9cran apparaissent des questions ; le visiteur r\u00e9pond \u00e0 l&rsquo;aide du clavier. Il ne voit pas la personne qui lui envoie les questions. Il est face \u00e0 l&rsquo;\u00e9cran comme lorsqu&rsquo;il converse sur MSN, Skype ?  Les r\u00e9ponses permettent de tracer l&rsquo;autoportrait du visiteur, elles sont trait\u00e9es en direct par la personne cach\u00e9e dans la deuxi\u00e8me partie de la cabine. A la sortie du Photomaton le visiteur se voit remettre une \u00ab carte d&rsquo;identit\u00e9 \u00bb, une interpr\u00e9tation artistique et subjective de son portrait et quatre photos, quatre portraits expressifs, trahissant une \u00e9motion, r\u00e9v\u00e9lant un rire, une interrogation.<\/p>\n<p>A suivre vendredi 23 octobre sous chapiteau d\u00e8s 10 h.<\/p>\n<p style=\"text-align: justify;\">En savoir plus sur les sites :<br \/>\n<a href=\"http:\/\/www.colombier.org\" target=\"_blank\">www.colombier.org<\/a><br \/>\n<a href=\"http:\/\/www.thgv.com\" target=\"_blank\">www.thgv.com<\/a><br \/>\n<a href=\"http:\/\/www.kimlannguyenthi.com\" target=\"_blank\">www.kimlannguyenthi.com<\/a><\/p>\n<p>********************************************************************************<\/p>\n<p><strong>SAMEDI 17 OCTOBRE<\/strong> <strong>\u00e0 17 h <\/strong> : <span style=\"color: #808000;\"><strong>NOS IDENTIT\u00c9S BRICOL\u00c9ES<\/strong><\/span><br \/>\nau <strong>th\u00e9\u00e2tre Le Colombier<\/strong> (Cordes \/ Les Cabannes) :\u00a0 d\u00e9bat avec les artistes de la compagnie TGV, Christian Ruby (philosophe), Roland Foissac (\u00e9lu), anim\u00e9 et mod\u00e9r\u00e9 par J\u00e9r\u00f4me Cabot.<br \/>\nGratuit.<\/p>\n<p>*******************************************************************************<\/p>\n<p>&#8211; <strong>JEUDI 15 OCTOBRE\u00a0 \u00e0 20 h : <span style=\"color: #808000;\">CONCERT \u00e0 PRATGRAUSSALS<\/span><\/strong><br \/>\nOAISTAR, LE RANG DU FOND, L&rsquo;OPIUM DU PEUPLE, THE GROUP.<br \/>\nGratuit pour les \u00e9tudiants, <strong>5 \/7 euros<\/strong> pour les autres.<br \/>\nNavette gratuite depuis le campus.<\/p>\n<p>En soir\u00e9e, le Retour du Jeudi laisse la place au Oa\u00ef dans la salle :<\/p>\n<p><span style=\"color: #993300;\"><strong>Oa\u00efstar<\/strong><\/span> : Le groupe marseillais s&rsquo;attache \u00e0 chroniquer les joies et mis\u00e8re de notre \u00e9poque en faisant vibrer le public par son \u00e9nergie communicative, son humour et son sens de l&rsquo;autod\u00e9rision. Un set manifestif, pour foutre le oa\u00ef.<br \/>\n<a href=\"http:\/\/www.oaistar.fr\" target=\"_blank\">http:\/\/www.oaistar.fr<\/a><br \/>\n<a href=\"http:\/\/www.myspace.com\/oaistar\" target=\"_blank\">http:\/\/www.myspace.com\/oaistar<\/a><\/p>\n<p><span style=\"color: #993300;\"><strong>Opium du Peuple, Sex Drugs and Vari\u00e9t\u00e9<\/strong><\/span> : Nouvel OVNI dans le paysage punk rock francophone, Opium du peuple revoit et corrige, avec une ironie non dissimul\u00e9e, les plus grands tubes de ces 40 derni\u00e8res ann\u00e9es.<br \/>\n<a href=\"http:\/\/www.opiumdupeuple.fr\/\" target=\"_blank\">www.opiumdupeuple.fr\/<\/a><br \/>\n<a href=\"http:\/\/www.myspace.com\/opiumdupeuplelegroupe\" target=\"_blank\">www.myspace.com\/opiumdupeuplelegroupe<\/a><\/p>\n<p><span style=\"color: #993300;\"><strong>Le Rang du Fond <\/strong><\/span>: Un groupe de cancres joyeux, iconoclastes et provocateurs, entre chanson d\u00e9gag\u00e9e et punk acoustique.<br \/>\n<a href=\"http:\/\/www.myspace.com\/lerangdufond\" target=\"_blank\">www.myspace.com\/lerangdufond<\/a><\/p>\n<p>Propos\u00e9 par le P\u00f4le de Recherche et d&rsquo;Enseignement Sup\u00e9rieur de l&rsquo;Universit\u00e9 de Toulouse, la mairie d&rsquo;Albi et Pollux.<\/p>\n<p>********************************************************************************<\/p>\n<h2 style=\"text-align: center;\"><span style=\"color: #008080;\"><strong> Jeudi 22 &amp; Vendredi 23 octobre : LA COUR DES MIRACLES III <\/strong><\/span><\/h2>\n<p style=\"text-align: center;\"><strong>Festival de rentr\u00e9e du campus, sous chapiteau, gratuit et ouvert \u00e0 tous :<\/strong><\/p>\n<p style=\"text-align: center;\"><strong><br \/>\n<\/strong><\/p>\n<p>&#8211;<strong> Jeudi 22 octobre \u00e0 20 h : <span style=\"color: #808000;\">Concerts \u00ab Authentique Rock&rsquo;n&rsquo;Roll \u00bb <\/span><\/strong><br \/>\nTeppaz &amp; Naz et Pierre Omer<br \/>\n<a href=\"http:\/\/www.myspace.com\/teppazetnaz\" target=\"_blank\">http:\/\/www.myspace.com\/teppazetnaz<\/a><br \/>\n<a href=\"http:\/\/www.myspace.com\/pierreomer\" target=\"_blank\">http:\/\/www.myspace.com\/pierreomer<\/a><\/p>\n<p>&#8211; <strong>Vendredi 23 octobre<\/strong><br \/>\nA partir de 10 h :<strong> <span style=\"color: #808000;\">le Photomaton<\/span><\/strong><br \/>\nA 18 h : spectacle\u00a0 <span style=\"color: #808000;\"><strong>A<\/strong><strong>utoportrait XX<\/strong><\/span>, un documentaire fiction<br \/>\nA 20 h : <span style=\"color: #808000;\"><strong>sc\u00e8ne slam<\/strong><\/span><br \/>\nA 22 h : concert de <span style=\"color: #808000;\"><strong>K<\/strong><strong>KC Orchestra <\/strong><\/span>(swing hip-hop)<br \/>\n<a href=\"http:\/\/www.myspace.com\/lekkcorchestra\" target=\"_blank\">http:\/\/www.myspace.com\/lekkcorchestra<\/a><\/p>\n<p>&#8212;<em><\/em><\/p>\n<p><em>J\u00e9r\u00f4me Cabot<br \/>\ncharg\u00e9 de mission \u00e0 l&rsquo;action culturelle<br \/>\nMCF en Litt\u00e9rature fran\u00e7aise<br \/>\nUniversit\u00e9 Champollion Albi \/ Rodez \/ Castres<br \/>\n<a href=\"http:\/\/www.myspace.com\/champoculture\" target=\"_blank\">http:\/\/www.myspace.com\/champoculture<\/a><\/em><\/p>\n","protected":false},"excerpt":{"rendered":"<div class=\"mh-excerpt\">Comme chaque semaine, retrouvez les informations culturelles et associatives de la semaine sur le campus Champollion &#8230;<\/div>\n","protected":false},"author":7,"featured_media":0,"comment_status":"open","ping_status":"open","sticky":false,"template":"","format":"standard","meta":{"om_disable_all_campaigns":false,"advanced_seo_description":"","jetpack_seo_html_title":"","jetpack_seo_noindex":false,"_jetpack_memberships_contains_paid_content":false,"footnotes":"","_links_to":"","_links_to_target":""},"categories":[42,1,7,54,9],"tags":[43,44,45,47,57],"class_list":{"0":"post-727","1":"post","2":"type-post","3":"status-publish","4":"format-standard","6":"category-a-cote-de-chez-nous","7":"category-culture","8":"category-numero-de-journal","9":"category-loisirs","10":"category-n_42","11":"tag-concert","12":"tag-albi","13":"tag-retour-du-jeudi","14":"tag-champollion","15":"tag-theatre"},"jetpack_featured_media_url":"","views":{"total":0,"cached_at":"","cached_date":1738514928},"jetpack_likes_enabled":true,"jetpack_sharing_enabled":true,"jetpack_shortlink":"https:\/\/wp.me\/pg7Wxj-bJ","jetpack-related-posts":[],"_links":{"self":[{"href":"https:\/\/www.o-p-i.fr\/parlonsen\/wp-json\/wp\/v2\/posts\/727","targetHints":{"allow":["GET"]}}],"collection":[{"href":"https:\/\/www.o-p-i.fr\/parlonsen\/wp-json\/wp\/v2\/posts"}],"about":[{"href":"https:\/\/www.o-p-i.fr\/parlonsen\/wp-json\/wp\/v2\/types\/post"}],"author":[{"embeddable":true,"href":"https:\/\/www.o-p-i.fr\/parlonsen\/wp-json\/wp\/v2\/users\/7"}],"replies":[{"embeddable":true,"href":"https:\/\/www.o-p-i.fr\/parlonsen\/wp-json\/wp\/v2\/comments?post=727"}],"version-history":[{"count":0,"href":"https:\/\/www.o-p-i.fr\/parlonsen\/wp-json\/wp\/v2\/posts\/727\/revisions"}],"wp:attachment":[{"href":"https:\/\/www.o-p-i.fr\/parlonsen\/wp-json\/wp\/v2\/media?parent=727"}],"wp:term":[{"taxonomy":"category","embeddable":true,"href":"https:\/\/www.o-p-i.fr\/parlonsen\/wp-json\/wp\/v2\/categories?post=727"},{"taxonomy":"post_tag","embeddable":true,"href":"https:\/\/www.o-p-i.fr\/parlonsen\/wp-json\/wp\/v2\/tags?post=727"}],"curies":[{"name":"wp","href":"https:\/\/api.w.org\/{rel}","templated":true}]}}