{"id":7392,"date":"2011-04-06T19:19:03","date_gmt":"2011-04-06T17:19:03","guid":{"rendered":"\/parlonsen\/?p=7392"},"modified":"2011-04-06T19:19:19","modified_gmt":"2011-04-06T17:19:19","slug":"les-theatrales-en-quercy-vert-a-saint-caprais-82","status":"publish","type":"post","link":"https:\/\/www.o-p-i.fr\/parlonsen\/parlons-en\/culture\/les-theatrales-en-quercy-vert-a-saint-caprais-82\/","title":{"rendered":"Les Th\u00e9\u00e2trales en Quercy Vert &#8230; \u00e0 Saint-Caprais (82)"},"content":{"rendered":"<p>Le festival de th\u00e9\u00e2tre amateur \u00ab\u00a0<span style=\"color: #800000;\"><strong>Les Th\u00e9\u00e2trales en Quercy Vert<\/strong><\/span>\u00a0\u00bb se d\u00e9roulera, \u00e0 la salle de Saint Caprais, les <span style=\"color: #800000;\"><strong>Vendredi 8 et Samedi 9 avril 2011<\/strong><\/span>.<!--more--><\/p>\n<p><span style=\"color: #800000;\"><strong><\/strong><\/span><\/p>\n<figure id=\"attachment_7394\" aria-describedby=\"caption-attachment-7394\" style=\"width: 180px\" class=\"wp-caption alignright\"><strong><strong><img data-recalc-dims=\"1\" loading=\"lazy\" decoding=\"async\" class=\"size-full wp-image-7394 \" title=\"Saint-Caprais (82)\" src=\"https:\/\/i0.wp.com\/www.o-p-i.fr\/parlonsen\/wp-content\/uploads\/theatrale_st-caprais.jpg?resize=180%2C326&#038;ssl=1\" alt=\"Saint-Caprais (82)\" width=\"180\" height=\"326\" \/><\/strong><\/strong><figcaption id=\"caption-attachment-7394\" class=\"wp-caption-text\">Saint-Caprais (82)<\/figcaption><\/figure>\n<p><span style=\"color: #800000;\"><strong>Au programme :<\/strong><\/span><\/p>\n<ul>\n<li> <span style=\"color: #800000;\">Vendredi 8 Avril 2011<\/span><\/li>\n<\/ul>\n<p>Soir\u00e9e occitane par la troupe \u00ab\u00a0Le Trastet\u00a0\u00bb d&rsquo;Anglars (Lot)<\/p>\n<ul>\n<li> <span style=\"color: #800000;\">Samedi 9 Avril 2011<\/span><\/li>\n<\/ul>\n<p>Mais qui veut la peau du roi ?<br \/>\nPi\u00e8ce burlesque par \u00ab\u00a0Les Taties Flingueuses\u00a0\u00bb de Lalbenque (Lot)<\/p>\n<p>La programmation compl\u00e8te est disponible <a href=\"https:\/\/www.o-p-i.fr\/parlonsen\/wp-content\/uploads\/theatre_monclarais_3v_2011.pdf\">en cliquant ici !<\/a><\/p>\n<p><em>Communiqu\u00e9 de Pierre Couturon<\/em><\/p>\n<p><a href=\"https:\/\/www.o-p-i.fr\/parlonsen\/agenda\/\"><strong>Retrouvez tous les \u00e9v\u00e8nements dans l&rsquo;agenda !<\/strong><\/a><\/p>\n","protected":false},"excerpt":{"rendered":"<div class=\"mh-excerpt\">Le festival de th\u00e9\u00e2tre amateur \u00ab\u00a0Les Th\u00e9\u00e2trales en Quercy Vert\u00a0\u00bb se d\u00e9roulera, \u00e0 la salle de Saint Caprais, les Vendredi 8 et Samedi 9 avril 2011.<\/div>\n","protected":false},"author":2,"featured_media":0,"comment_status":"open","ping_status":"open","sticky":false,"template":"","format":"standard","meta":{"om_disable_all_campaigns":false,"advanced_seo_description":"","jetpack_seo_html_title":"","jetpack_seo_noindex":false,"_jetpack_memberships_contains_paid_content":false,"footnotes":"","_links_to":"","_links_to_target":""},"categories":[1,34,54,884],"tags":[57,596],"class_list":{"0":"post-7392","1":"post","2":"type-post","3":"status-publish","4":"format-standard","6":"category-culture","7":"category-salvetat","8":"category-loisirs","9":"category-n-60-avril-2011","10":"tag-theatre","11":"tag-saint-caprais"},"jetpack_featured_media_url":"","views":{"total":0,"cached_at":"","cached_date":1738532250},"jetpack_likes_enabled":true,"jetpack_sharing_enabled":true,"jetpack_shortlink":"https:\/\/wp.me\/pg7Wxj-1Ve","jetpack-related-posts":[],"_links":{"self":[{"href":"https:\/\/www.o-p-i.fr\/parlonsen\/wp-json\/wp\/v2\/posts\/7392","targetHints":{"allow":["GET"]}}],"collection":[{"href":"https:\/\/www.o-p-i.fr\/parlonsen\/wp-json\/wp\/v2\/posts"}],"about":[{"href":"https:\/\/www.o-p-i.fr\/parlonsen\/wp-json\/wp\/v2\/types\/post"}],"author":[{"embeddable":true,"href":"https:\/\/www.o-p-i.fr\/parlonsen\/wp-json\/wp\/v2\/users\/2"}],"replies":[{"embeddable":true,"href":"https:\/\/www.o-p-i.fr\/parlonsen\/wp-json\/wp\/v2\/comments?post=7392"}],"version-history":[{"count":0,"href":"https:\/\/www.o-p-i.fr\/parlonsen\/wp-json\/wp\/v2\/posts\/7392\/revisions"}],"wp:attachment":[{"href":"https:\/\/www.o-p-i.fr\/parlonsen\/wp-json\/wp\/v2\/media?parent=7392"}],"wp:term":[{"taxonomy":"category","embeddable":true,"href":"https:\/\/www.o-p-i.fr\/parlonsen\/wp-json\/wp\/v2\/categories?post=7392"},{"taxonomy":"post_tag","embeddable":true,"href":"https:\/\/www.o-p-i.fr\/parlonsen\/wp-json\/wp\/v2\/tags?post=7392"}],"curies":[{"name":"wp","href":"https:\/\/api.w.org\/{rel}","templated":true}]}}