{"id":7444,"date":"2011-04-13T17:26:55","date_gmt":"2011-04-13T15:26:55","guid":{"rendered":"\/parlonsen\/?p=7444"},"modified":"2011-04-13T17:26:55","modified_gmt":"2011-04-13T15:26:55","slug":"journee-%c2%ab-eveil-du-jardin-%c2%bb-a-%c2%ab-l%e2%80%99oustal-%c2%bb-a-saint-etienne-de-tulmont","status":"publish","type":"post","link":"https:\/\/www.o-p-i.fr\/parlonsen\/parlons-en\/culture\/journee-%c2%ab-eveil-du-jardin-%c2%bb-a-%c2%ab-l%e2%80%99oustal-%c2%bb-a-saint-etienne-de-tulmont\/","title":{"rendered":"Journ\u00e9e \u00ab Eveil du Jardin \u00bb \u00e0 \u00ab l\u2019Oustal \u00bb &#8230; \u00e0 Saint Etienne de Tulmont"},"content":{"rendered":"<p style=\"text-align: justify;\"><span style=\"color: #333300;\"><strong>R\u00e9servez votre emplacement !<\/strong><\/span> Le <strong><span style=\"color: #333300;\">Dimanche 8 mai 2011<\/span><\/strong>, l\u2019association \u00ab Les Amis du Terroir \u00bb organise sa premi\u00e8re journ\u00e9e relative au jardin, dans son cadre champ\u00eatre accueillant.<!--more--><\/p>\n<div class=\"mceTemp\" style=\"text-align: justify;\">\n<dl id=\"attachment_7457\" class=\"wp-caption alignright\" style=\"width: 210px;\">\n<dt class=\"wp-caption-dt\"><img data-recalc-dims=\"1\" loading=\"lazy\" decoding=\"async\" class=\"size-full wp-image-7457\" title=\"L'Oustal - Saint-Etienne de Tulmont (82)\" src=\"https:\/\/i0.wp.com\/www.o-p-i.fr\/parlonsen\/wp-content\/uploads\/oustal.jpg?resize=200%2C107&#038;ssl=1\" alt=\"L'Oustal - Saint-Etienne de Tulmont (82)\" width=\"200\" height=\"107\" \/><\/dt>\n<dd class=\"wp-caption-dd\">L&rsquo;Oustal &#8211; Saint-Etienne de Tulmont (82)<\/dd>\n<\/dl>\n<\/div>\n<p style=\"text-align: justify;\">Cette journ\u00e9e sera l\u2019occasion de manifestations diverses autour du jardin : vente de plants divers de professionnels, vide jardin de particuliers, animations pour enfants (ch\u00e2teau gonflable, concours de v\u00e9los fleuris, \u2026).<\/p>\n<p style=\"text-align: justify;\">Pour tous, un point restauration sur place est pr\u00e9vu.<\/p>\n<p style=\"text-align: justify;\"><span style=\"color: #333300;\"><strong>Pour y aller<\/strong><\/span><br \/>\nFl\u00e9chage assur\u00e9<\/p>\n<p style=\"text-align: justify;\"><span style=\"color: #333300;\"><strong>Contact<\/strong><\/span><br \/>\nAfin que cette journ\u00e9e soit une r\u00e9ussite, professionnels, comme particuliers, peuvent retenir leur emplacement ou se renseigner aupr\u00e8s du secr\u00e9tariat de l\u2019association (05.63.64.60.73) aux heures de bureau.<\/p>\n<p style=\"text-align: justify;\"><em>Communiqu\u00e9 de Robert Linas Autriche et Pays d&rsquo;Oc<\/em><\/p>\n<p style=\"text-align: justify;\"><a target=\"_self\">Voir l&rsquo;article correspondant \u00e0 l&rsquo;\u00e9v\u00e8nement dans Parlons En<\/a><\/p>\n","protected":false},"excerpt":{"rendered":"<div class=\"mh-excerpt\">R\u00e9servez votre emplacement ! Le Dimanche 8 mai 2011, l\u2019association \u00ab Les Amis du Terroir \u00bb organise sa premi\u00e8re journ\u00e9e relative au jardin, dans son cadre champ\u00eatre accueillant.<\/div>\n","protected":false},"author":2,"featured_media":0,"comment_status":"open","ping_status":"open","sticky":false,"template":"","format":"standard","meta":{"om_disable_all_campaigns":false,"advanced_seo_description":"","jetpack_seo_html_title":"","jetpack_seo_noindex":false,"_jetpack_memberships_contains_paid_content":false,"footnotes":"","_links_to":"","_links_to_target":""},"categories":[3,4,42,1,396,55],"tags":[119,145,203,323],"class_list":{"0":"post-7444","1":"post","2":"type-post","3":"status-publish","4":"format-standard","6":"category-agriculture","7":"category-commerce","8":"category-a-cote-de-chez-nous","9":"category-culture","10":"category-cest-le-printemps","11":"category-environnement","12":"tag-jardin","13":"tag-animation","14":"tag-saint-etienne-de-tulmont","15":"tag-enfant"},"jetpack_featured_media_url":"","views":{"total":1,"cached_at":"","cached_date":1738519468},"jetpack_likes_enabled":true,"jetpack_sharing_enabled":true,"jetpack_shortlink":"https:\/\/wp.me\/pg7Wxj-1W4","jetpack-related-posts":[],"_links":{"self":[{"href":"https:\/\/www.o-p-i.fr\/parlonsen\/wp-json\/wp\/v2\/posts\/7444","targetHints":{"allow":["GET"]}}],"collection":[{"href":"https:\/\/www.o-p-i.fr\/parlonsen\/wp-json\/wp\/v2\/posts"}],"about":[{"href":"https:\/\/www.o-p-i.fr\/parlonsen\/wp-json\/wp\/v2\/types\/post"}],"author":[{"embeddable":true,"href":"https:\/\/www.o-p-i.fr\/parlonsen\/wp-json\/wp\/v2\/users\/2"}],"replies":[{"embeddable":true,"href":"https:\/\/www.o-p-i.fr\/parlonsen\/wp-json\/wp\/v2\/comments?post=7444"}],"version-history":[{"count":0,"href":"https:\/\/www.o-p-i.fr\/parlonsen\/wp-json\/wp\/v2\/posts\/7444\/revisions"}],"wp:attachment":[{"href":"https:\/\/www.o-p-i.fr\/parlonsen\/wp-json\/wp\/v2\/media?parent=7444"}],"wp:term":[{"taxonomy":"category","embeddable":true,"href":"https:\/\/www.o-p-i.fr\/parlonsen\/wp-json\/wp\/v2\/categories?post=7444"},{"taxonomy":"post_tag","embeddable":true,"href":"https:\/\/www.o-p-i.fr\/parlonsen\/wp-json\/wp\/v2\/tags?post=7444"}],"curies":[{"name":"wp","href":"https:\/\/api.w.org\/{rel}","templated":true}]}}