{"id":7500,"date":"2011-04-18T21:39:47","date_gmt":"2011-04-18T19:39:47","guid":{"rendered":"\/parlonsen\/?p=7500"},"modified":"2011-04-18T21:39:47","modified_gmt":"2011-04-18T19:39:47","slug":"un-nouveau-groupe-dans-la-vie-associative%e2%80%a6-les-amis-du-verdier","status":"publish","type":"post","link":"https:\/\/www.o-p-i.fr\/parlonsen\/parlons-en\/culture\/un-nouveau-groupe-dans-la-vie-associative%e2%80%a6-les-amis-du-verdier\/","title":{"rendered":"Un nouveau groupe dans la vie associative\u2026 Les Amis du Verdier"},"content":{"rendered":"<p style=\"text-align: justify;\">Depuis plusieurs ann\u00e9es, \u00e0 l\u2019occasion des journ\u00e9es du Patrimoine 3\u00e8me week-end de septembre, et de la journ\u00e9e du petit patrimoine 3\u00e8me dimanche de juin, des <span style=\"color: #333300;\"><strong>visites comment\u00e9es du patrimoine de la commune et des expositions<\/strong><\/span> ont \u00e9t\u00e9 organis\u00e9es. <!--more-->Elles ont \u00e9t\u00e9 l\u2019occasion d\u2019avoir l\u2019\u00e9clairage d\u2019experts du domaine : Patrick GIRONNET Architecte des B\u00e2timents de France, Didier PACAUD Pr\u00e9sident de l\u2019Association de Sauvegarde des Maisons et Paysages du Tarn, nous ont accompagn\u00e9s lors de d\u00e9couverte du patrimoine b\u00e2ti ; Christian SERVELLE Arch\u00e9ologue \u00e0 la Direction r\u00e9gionale de la Culture, a assur\u00e9 la conception scientifique et la pr\u00e9sentation orale d\u2019une exposition de silex taill\u00e9s des collections DELPECH, Jean et Jacques VAYSSI\u00c9.<br \/>\nCes d\u00e9couvertes ont aussi \u00e9t\u00e9 l\u2019occasion d\u2019\u00e9changes entre anciens de la commune et nouveaux venus, toujours chaleureux et appr\u00e9ci\u00e9s. <a title=\"Ouvre le fichier PDF dans une nouvelle fen\u00eatre\" href=\"https:\/\/www.o-p-i.fr\/parlonsen\/wp-content\/uploads\/verdier_bulletin.pdf\" target=\"_blank\">Lire la suite<\/a><\/p>\n<p style=\"text-align: justify;\"><a href=\"https:\/\/www.o-p-i.fr\/parlonsen\/wp-content\/uploads\/verdier_bulletin.pdf\">Voir le Bulletin d&rsquo;Avril 2011 de l&rsquo;Association \u00ab\u00a0Les Amis du Verdier\u00a0\u00bb.<\/a><\/p>\n<p style=\"text-align: justify;\"><span style=\"color: #333300;\"><span style=\"color: #000000;\"><span style=\"color: #333300;\"><strong>Projets pour 2011 :<\/strong><\/span> balade sur le chemin des Rogations en mai, une autre d\u00e9couverte pour la journ\u00e9e du petit patrimoine en juin, une nouvelle version de l\u2019expo \u00ab silex du Verdier \u00bb avec Christian SERVELLE pour les journ\u00e9es du Patrimoine en septembre, et peut \u00eatre un beau concert cet \u00e9t\u00e9 \u2026<strong><\/strong><\/span><\/span><\/p>\n<p style=\"text-align: justify;\"><span style=\"color: #333300;\"><span style=\"color: #000000;\"><strong><span style=\"color: #333300;\">Id\u00e9es pour la suite : <\/span><\/strong>Remonter la pierre du dolmen de Pierre Lev\u00e9e ; balade des dolmens&#8230;<\/span><br \/>\n<\/span><\/p>\n<p style=\"text-align: justify;\"><span style=\"color: #333300;\"><strong>Contact : Les Amis du Verdier<\/strong><\/span><br \/>\nAnne DEPELCHIN<br \/>\nRelais de la V\u00e8re<br \/>\n81 140 LE VERDIER<br \/>\nT\u00e9l. : 09 65 13 06 93<br \/>\nCourriel : <a href=\"mailto:anne.depelchin81@orange.fr\">anne.depelchin81@orange.fr<\/a><\/p>\n<p style=\"text-align: justify;\"><em>Communiqu\u00e9 d&rsquo;Anne Depelchin pour les Amis du Verdier<\/em><\/p>\n","protected":false},"excerpt":{"rendered":"<div class=\"mh-excerpt\">Depuis plusieurs ann\u00e9es, \u00e0 l\u2019occasion des journ\u00e9es du Patrimoine 3\u00e8me week-end de septembre, et de la journ\u00e9e du petit patrimoine 3\u00e8me dimanche de juin, des visites comment\u00e9es du patrimoine de la commune et des expositions <a class=\"mh-excerpt-more\" href=\"https:\/\/www.o-p-i.fr\/parlonsen\/parlons-en\/culture\/un-nouveau-groupe-dans-la-vie-associative%e2%80%a6-les-amis-du-verdier\/\" title=\"Un nouveau groupe dans la vie associative\u2026 Les Amis du Verdier\">[&#8230;]<\/a><\/div>\n","protected":false},"author":2,"featured_media":0,"comment_status":"open","ping_status":"open","sticky":false,"template":"","format":"standard","meta":{"om_disable_all_campaigns":false,"advanced_seo_description":"","jetpack_seo_html_title":"","jetpack_seo_noindex":false,"_jetpack_memberships_contains_paid_content":false,"footnotes":"","_links_to":"","_links_to_target":""},"categories":[42,1,55,54,291,884],"tags":[121,172,228,327],"class_list":{"0":"post-7500","1":"post","2":"type-post","3":"status-publish","4":"format-standard","6":"category-a-cote-de-chez-nous","7":"category-culture","8":"category-environnement","9":"category-loisirs","10":"category-solidarite","11":"category-n-60-avril-2011","12":"tag-association","13":"tag-exposition","14":"tag-patrimoine","15":"tag-patrick-gironnet"},"jetpack_featured_media_url":"","views":{"total":0,"cached_at":"","cached_date":1738516751},"jetpack_likes_enabled":true,"jetpack_sharing_enabled":true,"jetpack_shortlink":"https:\/\/wp.me\/pg7Wxj-1WY","jetpack-related-posts":[],"_links":{"self":[{"href":"https:\/\/www.o-p-i.fr\/parlonsen\/wp-json\/wp\/v2\/posts\/7500","targetHints":{"allow":["GET"]}}],"collection":[{"href":"https:\/\/www.o-p-i.fr\/parlonsen\/wp-json\/wp\/v2\/posts"}],"about":[{"href":"https:\/\/www.o-p-i.fr\/parlonsen\/wp-json\/wp\/v2\/types\/post"}],"author":[{"embeddable":true,"href":"https:\/\/www.o-p-i.fr\/parlonsen\/wp-json\/wp\/v2\/users\/2"}],"replies":[{"embeddable":true,"href":"https:\/\/www.o-p-i.fr\/parlonsen\/wp-json\/wp\/v2\/comments?post=7500"}],"version-history":[{"count":0,"href":"https:\/\/www.o-p-i.fr\/parlonsen\/wp-json\/wp\/v2\/posts\/7500\/revisions"}],"wp:attachment":[{"href":"https:\/\/www.o-p-i.fr\/parlonsen\/wp-json\/wp\/v2\/media?parent=7500"}],"wp:term":[{"taxonomy":"category","embeddable":true,"href":"https:\/\/www.o-p-i.fr\/parlonsen\/wp-json\/wp\/v2\/categories?post=7500"},{"taxonomy":"post_tag","embeddable":true,"href":"https:\/\/www.o-p-i.fr\/parlonsen\/wp-json\/wp\/v2\/tags?post=7500"}],"curies":[{"name":"wp","href":"https:\/\/api.w.org\/{rel}","templated":true}]}}