{"id":7528,"date":"2011-04-19T17:26:54","date_gmt":"2011-04-19T15:26:54","guid":{"rendered":"\/parlonsen\/?p=7528"},"modified":"2011-04-19T17:26:54","modified_gmt":"2011-04-19T15:26:54","slug":"the-dansant-avec-bernard-gaches-a-leojac","status":"publish","type":"post","link":"https:\/\/www.o-p-i.fr\/parlonsen\/localisation\/au-pays-des-tescous\/leojac\/the-dansant-avec-bernard-gaches-a-leojac\/","title":{"rendered":"Th\u00e9 dansant avec Bernard Gaches &#8230; \u00e0 L\u00e9ojac"},"content":{"rendered":"<p><span style=\"color: #800000;\"><strong>Les A\u00een\u00e9s de L\u00e9ojac<\/strong><\/span> et des environs organisent un th\u00e9 dansant anim\u00e9 par Bernard Gaches<span style=\"color: #800000;\"> <strong>Jeudi 21 Avril 2011<\/strong><\/span> \u00e0 partir de 14h30. <!--more--><\/p>\n<figure id=\"attachment_7529\" aria-describedby=\"caption-attachment-7529\" style=\"width: 500px\" class=\"wp-caption alignright\"><a href=\"https:\/\/i0.wp.com\/www.o-p-i.fr\/parlonsen\/wp-content\/uploads\/thedansant_leojac1.jpg?ssl=1\"><img data-recalc-dims=\"1\" loading=\"lazy\" decoding=\"async\" class=\"size-full wp-image-7529\" title=\"L\u00e9ojac (82)\" src=\"https:\/\/i0.wp.com\/www.o-p-i.fr\/parlonsen\/wp-content\/uploads\/thedansant_leojac1.jpg?resize=500%2C375&#038;ssl=1\" alt=\"L\u00e9ojac (82)\" width=\"500\" height=\"375\" srcset=\"https:\/\/i0.wp.com\/www.o-p-i.fr\/parlonsen\/wp-content\/uploads\/thedansant_leojac1.jpg?w=500&amp;ssl=1 500w, https:\/\/i0.wp.com\/www.o-p-i.fr\/parlonsen\/wp-content\/uploads\/thedansant_leojac1.jpg?resize=300%2C225&amp;ssl=1 300w\" sizes=\"auto, (max-width: 500px) 100vw, 500px\" \/><\/a><figcaption id=\"caption-attachment-7529\" class=\"wp-caption-text\">L\u00e9ojac (82)<\/figcaption><\/figure>\n<p>Venez nombreux le meilleur accueil vous y est r\u00e9serv\u00e9.<\/p>\n<p><span style=\"color: #800000;\"><strong>Renseignements et r\u00e9servations<\/strong><\/span> aupr\u00e8s de Michel Coupy<br \/>\nT\u00e9l. : 05 63 67 55 25.<\/p>\n<p><em>Communiqu\u00e9 et photo de Robert Linas Autriche et Pays d&rsquo;Oc <\/em><\/p>\n<p><a href=\"https:\/\/www.o-p-i.fr\/parlonsen\/agenda\/\"><strong>Retrouvez tous les \u00e9v\u00e8nements dans l&rsquo;agenda !<\/strong><\/a><\/p>\n","protected":false},"excerpt":{"rendered":"<div class=\"mh-excerpt\">Les A\u00een\u00e9s de L\u00e9ojac et des environs organisent un th\u00e9 dansant anim\u00e9 par Bernard Gaches Jeudi 21 Avril 2011 \u00e0 partir de 14h30.<\/div>\n","protected":false},"author":2,"featured_media":0,"comment_status":"open","ping_status":"open","sticky":false,"template":"","format":"standard","meta":{"om_disable_all_campaigns":false,"advanced_seo_description":"","jetpack_seo_html_title":"","jetpack_seo_noindex":false,"_jetpack_memberships_contains_paid_content":false,"footnotes":"","_links_to":"","_links_to_target":""},"categories":[30,54,884],"tags":[2553,80,82],"class_list":{"0":"post-7528","1":"post","2":"type-post","3":"status-publish","4":"format-standard","6":"category-leojac","7":"category-loisirs","8":"category-n-60-avril-2011","9":"tag-leojac","10":"tag-the-dansant","11":"tag-aines"},"jetpack_featured_media_url":"","views":{"total":0,"cached_at":"","cached_date":1738455995},"jetpack_likes_enabled":true,"jetpack_sharing_enabled":true,"jetpack_shortlink":"https:\/\/wp.me\/pg7Wxj-1Xq","jetpack-related-posts":[],"_links":{"self":[{"href":"https:\/\/www.o-p-i.fr\/parlonsen\/wp-json\/wp\/v2\/posts\/7528","targetHints":{"allow":["GET"]}}],"collection":[{"href":"https:\/\/www.o-p-i.fr\/parlonsen\/wp-json\/wp\/v2\/posts"}],"about":[{"href":"https:\/\/www.o-p-i.fr\/parlonsen\/wp-json\/wp\/v2\/types\/post"}],"author":[{"embeddable":true,"href":"https:\/\/www.o-p-i.fr\/parlonsen\/wp-json\/wp\/v2\/users\/2"}],"replies":[{"embeddable":true,"href":"https:\/\/www.o-p-i.fr\/parlonsen\/wp-json\/wp\/v2\/comments?post=7528"}],"version-history":[{"count":0,"href":"https:\/\/www.o-p-i.fr\/parlonsen\/wp-json\/wp\/v2\/posts\/7528\/revisions"}],"wp:attachment":[{"href":"https:\/\/www.o-p-i.fr\/parlonsen\/wp-json\/wp\/v2\/media?parent=7528"}],"wp:term":[{"taxonomy":"category","embeddable":true,"href":"https:\/\/www.o-p-i.fr\/parlonsen\/wp-json\/wp\/v2\/categories?post=7528"},{"taxonomy":"post_tag","embeddable":true,"href":"https:\/\/www.o-p-i.fr\/parlonsen\/wp-json\/wp\/v2\/tags?post=7528"}],"curies":[{"name":"wp","href":"https:\/\/api.w.org\/{rel}","templated":true}]}}