{"id":7568,"date":"2011-04-26T07:02:51","date_gmt":"2011-04-26T05:02:51","guid":{"rendered":"\/parlonsen\/?p=7568"},"modified":"2011-06-23T11:25:07","modified_gmt":"2011-06-23T09:25:07","slug":"le-four-solaire-de-lauberge-dhelene-a-camjac-12","status":"publish","type":"post","link":"https:\/\/www.o-p-i.fr\/parlonsen\/parlons-en\/pratique\/le-four-solaire-de-lauberge-dhelene-a-camjac-12\/","title":{"rendered":"Le four solaire de l&rsquo;Auberge d&rsquo;H\u00e9l\u00e8ne &#8230; \u00e0 Camjac (12)"},"content":{"rendered":"<p><span style=\"color: #808000;\"><strong>Nouveau  \u00e0 \u00ab La Vialette \u00bb<\/strong><\/span>\u2026 Installation d\u2019un four solaire professionnel le <span style=\"color: #808000;\"><strong>Mardi 26 avril 2011<\/strong><\/span> \u00e0 14 heures.<!--more--><\/p>\n<p>Venez d\u00e9couvrir un <span style=\"color: #808000;\"><strong>mode de cuisson \u00ab r\u00e9volutionnaire \u00bb<\/strong><\/span> con\u00e7u nouvellement pour mon activit\u00e9 de ferme auberge .<\/p>\n<p>Vous allez d\u00e9guster des plats r\u00e9alis\u00e9s avec la seule \u00e9nergie \u00ab \u00e9ternelle \u00bb et gratuite : le soleil<\/p>\n<p>Oui, vous allez assister \u00e0 la cuisson d\u2019un \u00ab mini \u00bb repas fermier avec le four solaire con\u00e7u par l\u2019IDRR ( Institut de D\u00e9veloppement des Ressources Renouvelables).<\/p>\n<p>\u00c9tant tous au fait de l\u2019actualit\u00e9, je vous invite \u00e0 venir d\u00e9couvrir cette petite r\u00e9volution \u00e9nerg\u00e9tique.<\/p>\n<p><span style=\"color: #808000;\"><strong>Pour y aller <\/strong><\/span><br \/>\nR.N 88   Rodez\u2192 Baraqueville \u2192 Pont S.N.C.F. \u2192 Naucelle-gare \u2192 Albi \u2192 Toulouse<\/p>\n<p><span style=\"color: #808000;\"><strong>Contact : L\u2019auberge d\u2019H\u00e9l\u00e8ne<\/strong><\/span> &#8211; Ferme en agriculture Biologique<br \/>\nLa Vialette<br \/>\n12800 CAMJAC<br \/>\nT\u00e9l. Fixe : 05.65.72.18.67<br \/>\nT\u00e9l. Port : 06.07.60.74.02<\/p>\n<p>Communiqu\u00e9 de Christophe Fillet, Pr\u00e9sident <a href=\"thhp:\/\/www.outilssolaires.com\/idrr\">Institut de D\u00e9veloppement des Ressources Renouvelables<\/a><\/p>\n<p><a href=\"https:\/\/www.o-p-i.fr\/parlonsen\/agenda\/\"><strong>Retrouvez tous les \u00e9v\u00e8nements dans l&rsquo;agenda !<\/strong><\/a><\/p>\n","protected":false},"excerpt":{"rendered":"<div class=\"mh-excerpt\">Nouveau \u00e0 \u00ab La Vialette \u00bb\u2026 Installation d\u2019un four solaire professionnel le Mardi 26 avril 2011 \u00e0 14 heures.<\/div>\n","protected":false},"author":2,"featured_media":0,"comment_status":"open","ping_status":"open","sticky":false,"template":"","format":"standard","meta":{"om_disable_all_campaigns":false,"advanced_seo_description":"","jetpack_seo_html_title":"","jetpack_seo_noindex":false,"_jetpack_memberships_contains_paid_content":false,"footnotes":"","_links_to":"","_links_to_target":""},"categories":[51,42,55,6,884],"tags":[2562,665,777,909],"class_list":{"0":"post-7568","1":"post","2":"type-post","3":"status-publish","4":"format-standard","6":"category-artisanat","7":"category-a-cote-de-chez-nous","8":"category-environnement","9":"category-pratique","10":"category-n-60-avril-2011","11":"tag-environnement","12":"tag-idrr","13":"tag-respect-de-lenvironnement","14":"tag-four-solaire"},"jetpack_featured_media_url":"","views":{"total":0,"cached_at":"","cached_date":1738437906},"jetpack_likes_enabled":true,"jetpack_sharing_enabled":true,"jetpack_shortlink":"https:\/\/wp.me\/pg7Wxj-1Y4","jetpack-related-posts":[],"_links":{"self":[{"href":"https:\/\/www.o-p-i.fr\/parlonsen\/wp-json\/wp\/v2\/posts\/7568","targetHints":{"allow":["GET"]}}],"collection":[{"href":"https:\/\/www.o-p-i.fr\/parlonsen\/wp-json\/wp\/v2\/posts"}],"about":[{"href":"https:\/\/www.o-p-i.fr\/parlonsen\/wp-json\/wp\/v2\/types\/post"}],"author":[{"embeddable":true,"href":"https:\/\/www.o-p-i.fr\/parlonsen\/wp-json\/wp\/v2\/users\/2"}],"replies":[{"embeddable":true,"href":"https:\/\/www.o-p-i.fr\/parlonsen\/wp-json\/wp\/v2\/comments?post=7568"}],"version-history":[{"count":0,"href":"https:\/\/www.o-p-i.fr\/parlonsen\/wp-json\/wp\/v2\/posts\/7568\/revisions"}],"wp:attachment":[{"href":"https:\/\/www.o-p-i.fr\/parlonsen\/wp-json\/wp\/v2\/media?parent=7568"}],"wp:term":[{"taxonomy":"category","embeddable":true,"href":"https:\/\/www.o-p-i.fr\/parlonsen\/wp-json\/wp\/v2\/categories?post=7568"},{"taxonomy":"post_tag","embeddable":true,"href":"https:\/\/www.o-p-i.fr\/parlonsen\/wp-json\/wp\/v2\/tags?post=7568"}],"curies":[{"name":"wp","href":"https:\/\/api.w.org\/{rel}","templated":true}]}}