{"id":769,"date":"2009-10-19T15:47:58","date_gmt":"2009-10-19T13:47:58","guid":{"rendered":"\/parlonsen\/?p=769"},"modified":"2009-10-19T15:48:19","modified_gmt":"2009-10-19T13:48:19","slug":"le-rendez-vous-de-la-danse-et-de-lamitie","status":"publish","type":"post","link":"https:\/\/www.o-p-i.fr\/parlonsen\/localisation\/au-pays-des-tescous\/genebrieres\/le-rendez-vous-de-la-danse-et-de-lamitie\/","title":{"rendered":"Le rendez-vous de la danse et de l&rsquo;amiti\u00e9"},"content":{"rendered":"<p>Une fois par mois, les A\u00een\u00e9s de <strong>L\u00e9ojac<\/strong> et des environs organisent un <strong>th\u00e9 dansant.<\/strong><\/p>\n<p style=\"text-align: justify;\"><!--more-->Ainsi, jeudi 15 octobre un th\u00e9 dansant anim\u00e9 par le v\u00e9ritable homme orchestre Claude Pontac a r\u00e9uni un grand nombre de participants.<br \/>\nUn rendez-vous de la danse et de l&rsquo;amiti\u00e9 qu&rsquo;il ne faut pas manquer !  Le prochain th\u00e9 dansant aura lieu \u00e0 la salle des f\u00eates de L\u00e9ojac<strong> jeudi 19 novembre<\/strong> et sera anim\u00e9 par <strong>Jean-Claude Fauvel et les Copains du musette<\/strong>.<\/p>\n<figure id=\"attachment_771\" aria-describedby=\"caption-attachment-771\" style=\"width: 600px\" class=\"wp-caption aligncenter\"><a href=\"https:\/\/i0.wp.com\/www.o-p-i.fr\/parlonsen\/wp-content\/uploads\/danse.jpg?ssl=1\"><img data-recalc-dims=\"1\" loading=\"lazy\" decoding=\"async\" class=\"size-full wp-image-771\" title=\"Th\u00e9 Dansant - L\u00e9ojac - Jeudi 15 Octobre 2009\" src=\"https:\/\/i0.wp.com\/www.o-p-i.fr\/parlonsen\/wp-content\/uploads\/danse.jpg?resize=600%2C401&#038;ssl=1\" alt=\"Th\u00e9 Dansant - L\u00e9ojac - Jeudi 15 Octobre 2009\" width=\"600\" height=\"401\" srcset=\"https:\/\/i0.wp.com\/www.o-p-i.fr\/parlonsen\/wp-content\/uploads\/danse.jpg?w=600&amp;ssl=1 600w, https:\/\/i0.wp.com\/www.o-p-i.fr\/parlonsen\/wp-content\/uploads\/danse.jpg?resize=300%2C200&amp;ssl=1 300w\" sizes=\"auto, (max-width: 600px) 100vw, 600px\" \/><\/a><figcaption id=\"caption-attachment-771\" class=\"wp-caption-text\">Th\u00e9 Dansant - L\u00e9ojac - Jeudi 15 Octobre 2009<\/figcaption><\/figure>\n<p style=\"text-align: justify;\">En attendant les danseurs pourront se retrouver \u00e0 la <strong>salle des f\u00eates de N\u00e8grepelisse<\/strong>, le<strong> jeudi 29 octobre<\/strong> pour une apr\u00e8s-midi dansante anim\u00e9e par \u00ab\u00a0<strong>Globe Trotter<\/strong>\u00a0\u00bb et le<strong> jeudi 5 novembre<\/strong> \u00e0 la <strong>salle des f\u00eates de G\u00e9n\u00e9bri\u00e8res<\/strong> pour un th\u00e9 dansant anim\u00e9 par <strong>Bernard Gaches<\/strong>.<\/p>\n","protected":false},"excerpt":{"rendered":"<div class=\"mh-excerpt\">Une fois par mois, les A\u00een\u00e9s de L\u00e9ojac et des environs organisent un th\u00e9 dansant.<\/div>\n","protected":false},"author":8,"featured_media":0,"comment_status":"open","ping_status":"open","sticky":false,"template":"","format":"standard","meta":{"om_disable_all_campaigns":false,"advanced_seo_description":"","jetpack_seo_html_title":"","jetpack_seo_noindex":false,"_jetpack_memberships_contains_paid_content":false,"footnotes":"","_links_to":"","_links_to_target":""},"categories":[42,29,30],"tags":[80,81],"class_list":{"0":"post-769","1":"post","2":"type-post","3":"status-publish","4":"format-standard","6":"category-a-cote-de-chez-nous","7":"category-genebrieres","8":"category-leojac","9":"tag-the-dansant","10":"tag-tarn-et-garonne"},"jetpack_featured_media_url":"","views":{"total":1,"cached_at":"","cached_date":1738515150},"jetpack_likes_enabled":true,"jetpack_sharing_enabled":true,"jetpack_shortlink":"https:\/\/wp.me\/pg7Wxj-cp","jetpack-related-posts":[],"_links":{"self":[{"href":"https:\/\/www.o-p-i.fr\/parlonsen\/wp-json\/wp\/v2\/posts\/769","targetHints":{"allow":["GET"]}}],"collection":[{"href":"https:\/\/www.o-p-i.fr\/parlonsen\/wp-json\/wp\/v2\/posts"}],"about":[{"href":"https:\/\/www.o-p-i.fr\/parlonsen\/wp-json\/wp\/v2\/types\/post"}],"author":[{"embeddable":true,"href":"https:\/\/www.o-p-i.fr\/parlonsen\/wp-json\/wp\/v2\/users\/8"}],"replies":[{"embeddable":true,"href":"https:\/\/www.o-p-i.fr\/parlonsen\/wp-json\/wp\/v2\/comments?post=769"}],"version-history":[{"count":0,"href":"https:\/\/www.o-p-i.fr\/parlonsen\/wp-json\/wp\/v2\/posts\/769\/revisions"}],"wp:attachment":[{"href":"https:\/\/www.o-p-i.fr\/parlonsen\/wp-json\/wp\/v2\/media?parent=769"}],"wp:term":[{"taxonomy":"category","embeddable":true,"href":"https:\/\/www.o-p-i.fr\/parlonsen\/wp-json\/wp\/v2\/categories?post=769"},{"taxonomy":"post_tag","embeddable":true,"href":"https:\/\/www.o-p-i.fr\/parlonsen\/wp-json\/wp\/v2\/tags?post=769"}],"curies":[{"name":"wp","href":"https:\/\/api.w.org\/{rel}","templated":true}]}}