{"id":7718,"date":"2011-06-02T07:00:35","date_gmt":"2011-06-02T05:00:35","guid":{"rendered":"\/parlonsen\/?p=7718"},"modified":"2011-05-11T17:00:14","modified_gmt":"2011-05-11T15:00:14","slug":"amuse-mot-parole-doc-et-dailleurs-a-bruniquel","status":"publish","type":"post","link":"https:\/\/www.o-p-i.fr\/parlonsen\/parlons-en\/culture\/amuse-mot-parole-doc-et-dailleurs-a-bruniquel\/","title":{"rendered":"AMUSE-MOT, parole d&rsquo;Oc et d&rsquo;ailleurs &#8230; \u00e0 Bruniquel"},"content":{"rendered":"<p style=\"text-align: justify;\">AMUSE-MOT, parole d&rsquo;Oc et d&rsquo;ailleurs revient le <span style=\"color: #333300;\"><strong>Dimanche 26 Juin 2011<\/strong><\/span>. Une journ\u00e9e consacr\u00e9e \u00e0 la lecture, aux livres, au plaisir de jouer avec les mots <!--more-->avec :<\/p>\n<p style=\"text-align: justify;\"><span style=\"color: #333300;\"><strong>Un march\u00e9 aux livres<\/strong><\/span>, les bouquinistes sous les platanes pour fouiner, d\u00e9couvrir de nouveaux auteurs, de nouveaux textes, de nouveaux mondes.<\/p>\n<p style=\"text-align: justify;\"><span style=\"color: #333300;\"><strong>Des lectures sous les arbres,<\/strong><\/span> dans les cours et les jardins. Des passionn\u00e9s viendront lire des textes qu&rsquo;ils ont envie de vous faire d\u00e9couvrir. Buniquel regorge de coins secrets particuli\u00e8rement propices \u00e0 ces rencontres autour d&rsquo;un auteur, dans l&rsquo;intimit\u00e9 des textes.<\/p>\n<p style=\"text-align: justify;\"><a title=\"Ouvre le site dans une nouvelle fen\u00eatre\" href=\"https:\/\/www.o-p-i.fr\/7alire\/7-a-lire-actu\/bruniquel-82-amuse-mot-parole-doc-et-dailleurs\/\" target=\"_blank\">Lire la suite sur 7\u00a0 \u00e0 lire !<\/a><\/p>\n","protected":false},"excerpt":{"rendered":"<div class=\"mh-excerpt\">AMUSE-MOT, parole d&rsquo;Oc et d&rsquo;ailleurs revient le Dimanche 26 Juin 2011. Une journ\u00e9e consacr\u00e9e \u00e0 la lecture, aux livres, au plaisir de jouer avec les mots<\/div>\n","protected":false},"author":2,"featured_media":0,"comment_status":"open","ping_status":"open","sticky":false,"template":"","format":"standard","meta":{"om_disable_all_campaigns":false,"advanced_seo_description":"","jetpack_seo_html_title":"","jetpack_seo_noindex":false,"_jetpack_memberships_contains_paid_content":false,"footnotes":"","_links_to":"","_links_to_target":""},"categories":[4,42,1,54,914],"tags":[94,138,171,424],"class_list":{"0":"post-7718","1":"post","2":"type-post","3":"status-publish","4":"format-standard","6":"category-commerce","7":"category-a-cote-de-chez-nous","8":"category-culture","9":"category-loisirs","10":"category-n-61-mai-2011","11":"tag-lecture","12":"tag-marche","13":"tag-bruniquel","14":"tag-livre"},"jetpack_featured_media_url":"","views":{"total":0,"cached_at":"","cached_date":1738346696},"jetpack_likes_enabled":true,"jetpack_sharing_enabled":true,"jetpack_shortlink":"https:\/\/wp.me\/pg7Wxj-20u","jetpack-related-posts":[],"_links":{"self":[{"href":"https:\/\/www.o-p-i.fr\/parlonsen\/wp-json\/wp\/v2\/posts\/7718","targetHints":{"allow":["GET"]}}],"collection":[{"href":"https:\/\/www.o-p-i.fr\/parlonsen\/wp-json\/wp\/v2\/posts"}],"about":[{"href":"https:\/\/www.o-p-i.fr\/parlonsen\/wp-json\/wp\/v2\/types\/post"}],"author":[{"embeddable":true,"href":"https:\/\/www.o-p-i.fr\/parlonsen\/wp-json\/wp\/v2\/users\/2"}],"replies":[{"embeddable":true,"href":"https:\/\/www.o-p-i.fr\/parlonsen\/wp-json\/wp\/v2\/comments?post=7718"}],"version-history":[{"count":0,"href":"https:\/\/www.o-p-i.fr\/parlonsen\/wp-json\/wp\/v2\/posts\/7718\/revisions"}],"wp:attachment":[{"href":"https:\/\/www.o-p-i.fr\/parlonsen\/wp-json\/wp\/v2\/media?parent=7718"}],"wp:term":[{"taxonomy":"category","embeddable":true,"href":"https:\/\/www.o-p-i.fr\/parlonsen\/wp-json\/wp\/v2\/categories?post=7718"},{"taxonomy":"post_tag","embeddable":true,"href":"https:\/\/www.o-p-i.fr\/parlonsen\/wp-json\/wp\/v2\/tags?post=7718"}],"curies":[{"name":"wp","href":"https:\/\/api.w.org\/{rel}","templated":true}]}}