{"id":774,"date":"2009-10-19T16:09:12","date_gmt":"2009-10-19T14:09:12","guid":{"rendered":"\/parlonsen\/?p=774"},"modified":"2009-10-19T16:10:53","modified_gmt":"2009-10-19T14:10:53","slug":"leojac-nos-aines-ont-20-ans","status":"publish","type":"post","link":"https:\/\/www.o-p-i.fr\/parlonsen\/numero-de-journal\/n_42\/leojac-nos-aines-ont-20-ans\/","title":{"rendered":"L\u00e9ojac&#8230; Nos A\u00een\u00e9s ont 20 ans !"},"content":{"rendered":"<p style=\"text-align: justify;\">L&rsquo;<strong>association des A\u00een\u00e9s de L\u00e9ojac<\/strong> et des environs f\u00eate, cette ann\u00e9e,  son <strong>20i\u00e8me anniversaire<\/strong>.<\/p>\n<p style=\"text-align: justify;\">\n<p style=\"text-align: justify;\"><!--more--><\/p>\n<figure id=\"attachment_775\" aria-describedby=\"caption-attachment-775\" style=\"width: 420px\" class=\"wp-caption alignleft\"><img data-recalc-dims=\"1\" loading=\"lazy\" decoding=\"async\" class=\"size-full wp-image-775\" title=\"Joli succ\u00e8s pour les th\u00e9s dansants ! Au premier plan, on reconnait le Pr\u00e9sident Denis Coupy\" src=\"https:\/\/i0.wp.com\/www.o-p-i.fr\/parlonsen\/wp-content\/uploads\/aineleojac.jpg?resize=420%2C315&#038;ssl=1\" alt=\"Joli succ\u00e8s pour les th\u00e9s dansants ! Au premier plan, on reconnait le Pr\u00e9sident Denis Coupy\" width=\"420\" height=\"315\" srcset=\"https:\/\/i0.wp.com\/www.o-p-i.fr\/parlonsen\/wp-content\/uploads\/aineleojac.jpg?w=600&amp;ssl=1 600w, https:\/\/i0.wp.com\/www.o-p-i.fr\/parlonsen\/wp-content\/uploads\/aineleojac.jpg?resize=300%2C225&amp;ssl=1 300w\" sizes=\"auto, (max-width: 420px) 100vw, 420px\" \/><figcaption id=\"caption-attachment-775\" class=\"wp-caption-text\">Joli succ\u00e8s pour les th\u00e9s dansants ! Au premier plan, on reconnait le Pr\u00e9sident Denis Coupy<\/figcaption><\/figure>\n<p style=\"text-align: justify;\"><span style=\"color: #ff6600;\"><strong><span style=\"color: #ff6600;\">Cr\u00e9\u00e9e en Novembre 1989<\/span><\/strong> <\/span>par l&rsquo;ancien maire, M. Maurice Mauri\u00e8res, le but \u00e9tait de se r\u00e9unir dans un <strong>esprit de convivialit\u00e9, d&rsquo;aide aux personnes \u00e2g\u00e9es, d&rsquo;organiser des sorties culturelles et des voyages<\/strong> &#8230;<br \/>\nCette association regroupe aussi des personnes des communes limitrophes (St-\u00c9tienne-de-Tulmont, G\u00e9n\u00e9bri\u00e8res &#8230;) ou des quartiers de Montauban (Saint Martial, Les Farguettes, le Ramier).<br \/>\nPr\u00e9sident du Club, M. Mauri\u00e8res a c\u00e9d\u00e9 la place \u00e0 Jacqueline Bravo qui a assur\u00e9 pendant 14 ans la bonne marche du club.<br \/>\nDenis Coupy, nouveau pr\u00e9sident, est responsable depuis 2 ans. Il s&rsquo;efforce, avec les membres du conseil d&rsquo;administration de maintenir les activit\u00e9s et si possible de les d\u00e9velopper.<br \/>\n<strong>Tous les lundi apr\u00e8s-midi<\/strong>, les A\u00een\u00e9s se retrouvent pour des <strong>jeux de cartes<\/strong>, <strong>de Scrabble<\/strong> ou autres <strong>jeux de soci\u00e9t\u00e9<\/strong>. Des repas sont organis\u00e9s pour les adh\u00e9rents. <strong>Tous les 3i\u00e8me jeudi du mois<\/strong>, la danse est au rendez-vous et la salle des f\u00eates accueille un public nombreux pour les <strong>th\u00e9s dansants<\/strong>.<br \/>\n<span style=\"color: #ff6600;\"><strong>Sorties au th\u00e9\u00e2tre <\/strong><\/span>de Montauban et de Toulouse, <strong><span style=\"color: #ff6600;\">voyage<\/span><\/strong> d&rsquo;un jour dans les Pyr\u00e9n\u00e9es, de deux jours en Vend\u00e9e au Puy du Fou, le programme est complet pour 2009\/2010.<br \/>\nLes \u00ab\u00a0<span style=\"color: #ff6600;\">d<strong>icos d&rsquo;or<\/strong><\/span>\u00a0\u00bb seront d\u00e9cern\u00e9s prochainement aux participants de la <span style=\"color: #ff6600;\"><strong>dict\u00e9e organis\u00e9e par la f\u00e9d\u00e9ration des A\u00een\u00e9s Ruraux <\/strong><\/span>avec le concours du club.<br \/>\nLes A\u00een\u00e9s de L\u00e9ojac et des environs ont 20 ans et un <span style=\"color: #ff6600;\"><strong>dynamisme extraordinaire<\/strong><\/span> pour vous proposer des activit\u00e9s qui vous donneront enti\u00e8re satisfaction &#8230; alors, <span style=\"color: #ff6600;\">v<strong>enez les rejoindre <\/strong><\/span>!<\/p>\n<p style=\"text-align: justify;\">\n","protected":false},"excerpt":{"rendered":"<div class=\"mh-excerpt\">L&rsquo;association des A\u00een\u00e9s de L\u00e9ojac et des environs f\u00eate, cette ann\u00e9e, son 20i\u00e8me anniversaire.<\/div>\n","protected":false},"author":8,"featured_media":0,"comment_status":"open","ping_status":"open","sticky":false,"template":"","format":"standard","meta":{"om_disable_all_campaigns":false,"advanced_seo_description":"","jetpack_seo_html_title":"","jetpack_seo_noindex":false,"_jetpack_memberships_contains_paid_content":false,"footnotes":"","_links_to":"","_links_to_target":""},"categories":[30,54,9],"tags":[80,82,83,2553],"class_list":{"0":"post-774","1":"post","2":"type-post","3":"status-publish","4":"format-standard","6":"category-leojac","7":"category-loisirs","8":"category-n_42","9":"tag-the-dansant","10":"tag-aines","11":"tag-anniversaire","12":"tag-leojac"},"jetpack_featured_media_url":"","views":{"total":0,"cached_at":"","cached_date":1738531368},"jetpack_likes_enabled":true,"jetpack_sharing_enabled":true,"jetpack_shortlink":"https:\/\/wp.me\/pg7Wxj-cu","jetpack-related-posts":[],"_links":{"self":[{"href":"https:\/\/www.o-p-i.fr\/parlonsen\/wp-json\/wp\/v2\/posts\/774","targetHints":{"allow":["GET"]}}],"collection":[{"href":"https:\/\/www.o-p-i.fr\/parlonsen\/wp-json\/wp\/v2\/posts"}],"about":[{"href":"https:\/\/www.o-p-i.fr\/parlonsen\/wp-json\/wp\/v2\/types\/post"}],"author":[{"embeddable":true,"href":"https:\/\/www.o-p-i.fr\/parlonsen\/wp-json\/wp\/v2\/users\/8"}],"replies":[{"embeddable":true,"href":"https:\/\/www.o-p-i.fr\/parlonsen\/wp-json\/wp\/v2\/comments?post=774"}],"version-history":[{"count":0,"href":"https:\/\/www.o-p-i.fr\/parlonsen\/wp-json\/wp\/v2\/posts\/774\/revisions"}],"wp:attachment":[{"href":"https:\/\/www.o-p-i.fr\/parlonsen\/wp-json\/wp\/v2\/media?parent=774"}],"wp:term":[{"taxonomy":"category","embeddable":true,"href":"https:\/\/www.o-p-i.fr\/parlonsen\/wp-json\/wp\/v2\/categories?post=774"},{"taxonomy":"post_tag","embeddable":true,"href":"https:\/\/www.o-p-i.fr\/parlonsen\/wp-json\/wp\/v2\/tags?post=774"}],"curies":[{"name":"wp","href":"https:\/\/api.w.org\/{rel}","templated":true}]}}