{"id":7770,"date":"2011-05-11T19:35:16","date_gmt":"2011-05-11T17:35:16","guid":{"rendered":"\/parlonsen\/?p=7770"},"modified":"2011-05-11T19:35:16","modified_gmt":"2011-05-11T17:35:16","slug":"fete-des-voisins-a-saint-etienne-de-tulmont","status":"publish","type":"post","link":"https:\/\/www.o-p-i.fr\/parlonsen\/localisation\/a-cote-de-chez-nous\/fete-des-voisins-a-saint-etienne-de-tulmont\/","title":{"rendered":"F\u00eate des voisins &#8230; \u00e0 Saint Etienne de Tulmont"},"content":{"rendered":"<p style=\"text-align: justify;\"><span style=\"color: #333300;\"><strong>Dimanche 15 Mai 2011<\/strong><\/span>, \u00e0 partir de 11h, f\u00eate des voisins sur la Place du Tulmonenc organis\u00e9e par l&rsquo;association des Commer\u00e7ants de Saint \u00c9tienne de Tulmont.<!--more--><br \/>\nAmenez votre pique-nique. Possibilit\u00e9 d&rsquo;acheter sur place boissons, frites&#8230;<br \/>\nAnimations diverses pour les enfants et les grands.<br \/>\nVenez nombreux en famille ou en groupe pour une journ\u00e9e agr\u00e9able.<\/p>\n<p style=\"text-align: justify;\"><span style=\"color: #333300;\"><strong>Contact : <\/strong><\/span><br \/>\nQuincaillerie St\u00e9phanoise<br \/>\nT\u00e9l. : 05 63 02 76 53<\/p>\n<p style=\"text-align: justify;\">Carine Iotique<br \/>\nT\u00e9l. : 05 63 65 70 66<\/p>\n<p style=\"text-align: justify;\"><em>Communiqu\u00e9 de Robert Linas<\/em><\/p>\n<p><a href=\"https:\/\/www.o-p-i.fr\/parlonsen\/agenda\/\"><strong>Retrouvez tous les \u00e9v\u00e8nements dans l&rsquo;agenda !<\/strong><\/a><\/p>\n","protected":false},"excerpt":{"rendered":"<div class=\"mh-excerpt\">Dimanche 15 Mai 2011, \u00e0 partir de 11h, f\u00eate des voisins sur la Place du Tulmonenc organis\u00e9e par l&rsquo;association des Commer\u00e7ants de Saint \u00c9tienne de Tulmont.<\/div>\n","protected":false},"author":2,"featured_media":0,"comment_status":"open","ping_status":"open","sticky":false,"template":"","format":"standard","meta":{"om_disable_all_campaigns":false,"advanced_seo_description":"","jetpack_seo_html_title":"","jetpack_seo_noindex":false,"_jetpack_memberships_contains_paid_content":false,"footnotes":"","_links_to":"","_links_to_target":""},"categories":[42,396,54,914],"tags":[145,157,203,323,930],"class_list":{"0":"post-7770","1":"post","2":"type-post","3":"status-publish","4":"format-standard","6":"category-a-cote-de-chez-nous","7":"category-cest-le-printemps","8":"category-loisirs","9":"category-n-61-mai-2011","10":"tag-animation","11":"tag-repas","12":"tag-saint-etienne-de-tulmont","13":"tag-enfant","14":"tag-fete-des-voisins"},"jetpack_featured_media_url":"","views":{"total":0,"cached_at":"","cached_date":1738515702},"jetpack_likes_enabled":true,"jetpack_sharing_enabled":true,"jetpack_shortlink":"https:\/\/wp.me\/pg7Wxj-21k","jetpack-related-posts":[],"_links":{"self":[{"href":"https:\/\/www.o-p-i.fr\/parlonsen\/wp-json\/wp\/v2\/posts\/7770","targetHints":{"allow":["GET"]}}],"collection":[{"href":"https:\/\/www.o-p-i.fr\/parlonsen\/wp-json\/wp\/v2\/posts"}],"about":[{"href":"https:\/\/www.o-p-i.fr\/parlonsen\/wp-json\/wp\/v2\/types\/post"}],"author":[{"embeddable":true,"href":"https:\/\/www.o-p-i.fr\/parlonsen\/wp-json\/wp\/v2\/users\/2"}],"replies":[{"embeddable":true,"href":"https:\/\/www.o-p-i.fr\/parlonsen\/wp-json\/wp\/v2\/comments?post=7770"}],"version-history":[{"count":0,"href":"https:\/\/www.o-p-i.fr\/parlonsen\/wp-json\/wp\/v2\/posts\/7770\/revisions"}],"wp:attachment":[{"href":"https:\/\/www.o-p-i.fr\/parlonsen\/wp-json\/wp\/v2\/media?parent=7770"}],"wp:term":[{"taxonomy":"category","embeddable":true,"href":"https:\/\/www.o-p-i.fr\/parlonsen\/wp-json\/wp\/v2\/categories?post=7770"},{"taxonomy":"post_tag","embeddable":true,"href":"https:\/\/www.o-p-i.fr\/parlonsen\/wp-json\/wp\/v2\/tags?post=7770"}],"curies":[{"name":"wp","href":"https:\/\/api.w.org\/{rel}","templated":true}]}}