{"id":778,"date":"2009-10-19T15:49:02","date_gmt":"2009-10-19T13:49:02","guid":{"rendered":"\/parlonsen\/?p=778"},"modified":"2009-10-19T21:07:09","modified_gmt":"2009-10-19T19:07:09","slug":"et-bien-dansez-maintenant","status":"publish","type":"post","link":"https:\/\/www.o-p-i.fr\/parlonsen\/parlons-en\/culture\/et-bien-dansez-maintenant\/","title":{"rendered":"Et bien dansez maintenant !"},"content":{"rendered":"<p>Stages de danses,\u00a0 th\u00e9s dansants&#8230; Voil\u00e0 qui va nous r\u00e9chauffer !<\/p>\n<p><!--more--><\/p>\n<ul>\n<li><strong><span style=\"color: #ff6600;\">Stage\u00a0 d\u2019initiation au Rock\u2019n\u2019Roll (Dany &amp; Patrick)<br \/>\n<\/span><\/strong><\/li>\n<\/ul>\n<p>Ce stage propose les m\u00eames techniques que les cours actuellement dispens\u00e9s les mardis. L\u2019engagement est de 10 heures\u00a0:<\/p>\n<p>Le <strong>Samedi 24 octobre <\/strong>2009 (5 heures)<br \/>\n\u00e0 la salle des F\u00eates de Tauriac<br \/>\nDe 9h30 \u00e0 12h30 et de 14h \u00e0 16h<\/p>\n<p>Le <strong>Samedi 5 d\u00e9cembre<\/strong> 2009 (5 heures \u2013suite)<br \/>\n\u00e0\u00a0 la salle des F\u00eates de Tauriac<br \/>\nDe 9h30 \u00e0 12h30 et de 14h \u00e0 16h<\/p>\n<p>Les midis nous apportons nos paniers pour manger ensemble.<\/p>\n<p>Apr\u00e8s les stages, sur place, vous pourrez librement mettre en pratique vos nouvelles connaissances<br \/>\nCo\u00fbt\u00a0 : 30 euros les 10 heures<br \/>\n<strong>Contact\u00a0: Dany &amp; Patrick<br \/>\nT\u00e9l. : 05 63 40 80 97<br \/>\nCourriel\u00a0 :\u00a0 <a href=\"mailto:dansons@orange.fr\">dansons@orange.fr<\/a><\/strong><\/p>\n<ul>\n<li><span style=\"color: #ff6600;\"><strong>Stage\u00a0 \u00ab\u00a0La sensation par le mouvement\u00a0\u00bb (Diane Jean Slononski)<br \/>\n<\/strong><\/span><\/li>\n<\/ul>\n<figure id=\"attachment_779\" aria-describedby=\"caption-attachment-779\" style=\"width: 230px\" class=\"wp-caption alignleft\"><img data-recalc-dims=\"1\" loading=\"lazy\" decoding=\"async\" class=\"size-full wp-image-779\" title=\"Stage 8 &amp; 22 Novembre 2009\" src=\"https:\/\/i0.wp.com\/www.o-p-i.fr\/parlonsen\/wp-content\/uploads\/stage_nov.jpg?resize=230%2C165&#038;ssl=1\" alt=\"Stage 8 &amp; 22 Novembre 2009\" width=\"230\" height=\"165\" srcset=\"https:\/\/i0.wp.com\/www.o-p-i.fr\/parlonsen\/wp-content\/uploads\/stage_nov.jpg?w=600&amp;ssl=1 600w, https:\/\/i0.wp.com\/www.o-p-i.fr\/parlonsen\/wp-content\/uploads\/stage_nov.jpg?resize=300%2C214&amp;ssl=1 300w\" sizes=\"auto, (max-width: 230px) 100vw, 230px\" \/><figcaption id=\"caption-attachment-779\" class=\"wp-caption-text\">Stage 8 &amp; 22 Novembre 2009<\/figcaption><\/figure>\n<p>Les <strong>dimanches 8 &amp; 22 Novembre 2009<\/strong><br \/>\n\u00e0 l&rsquo;\u00e9cole primaire de Salvagnac<\/p>\n<p><strong>Ateliers Enfants 6-12 ans<\/strong><br \/>\nde 13h30 \u00e0 15h<br \/>\nCo\u00fbt : 15\u20ac les deux dimanches<\/p>\n<p><strong>Ateliers Ado-Adultes<\/strong><br \/>\nde 15h30 \u00e0 17h30<br \/>\nCo\u00fbt : 25\u20ac les deux dimanches<\/p>\n<p><strong>Contact : Diane Jean Slononski<br \/>\nT\u00e9l. : 06 09 99 81 66<\/strong><\/p>\n<ul>\n<li><strong><span style=\"color: #ff6600;\">Th\u00e9 Dansants<br \/>\n<\/span><\/strong><\/li>\n<\/ul>\n<p style=\"text-align: justify;\"><strong>Tous les 3i\u00e8me jeudi du mois<\/strong>, la danse est au rendez-vous et la salle des f\u00eates de L\u00e9ojac o\u00f9 les\u00a0 ain\u00e9s accueillent\u00a0 un public nombreux pour les <strong>th\u00e9s dansants<\/strong>. <a href=\"https:\/\/www.o-p-i.fr\/parlonsen\/localisation\/genebrieres\/le-rendez-vous-de-la-danse-et-de-lamitie\/\" target=\"_self\">Voir l&rsquo;article.<\/a> <a href=\"https:\/\/www.o-p-i.fr\/aupays\/agenda\/\" target=\"_blank\">Voir l&rsquo;agenda au Pays.<\/a><\/p>\n<ul><strong><\/strong><\/ul>\n","protected":false},"excerpt":{"rendered":"<div class=\"mh-excerpt\">Stages de danses,\u00a0 th\u00e9s dansants&#8230; Voil\u00e0 qui va nous r\u00e9chauffer !<\/div>\n","protected":false},"author":2,"featured_media":0,"comment_status":"open","ping_status":"open","sticky":false,"template":"","format":"standard","meta":{"om_disable_all_campaigns":false,"advanced_seo_description":"","jetpack_seo_html_title":"","jetpack_seo_noindex":false,"_jetpack_memberships_contains_paid_content":false,"footnotes":"","_links_to":"","_links_to_target":""},"categories":[1,30,54,53,25],"tags":[80,84,85],"class_list":{"0":"post-778","1":"post","2":"type-post","3":"status-publish","4":"format-standard","6":"category-culture","7":"category-leojac","8":"category-loisirs","9":"category-sports","10":"category-salvagnac","11":"tag-the-dansant","12":"tag-danse","13":"tag-rocknroll"},"jetpack_featured_media_url":"","views":{"total":0,"cached_at":"","cached_date":1738515243},"jetpack_likes_enabled":true,"jetpack_sharing_enabled":true,"jetpack_shortlink":"https:\/\/wp.me\/pg7Wxj-cy","jetpack-related-posts":[],"_links":{"self":[{"href":"https:\/\/www.o-p-i.fr\/parlonsen\/wp-json\/wp\/v2\/posts\/778","targetHints":{"allow":["GET"]}}],"collection":[{"href":"https:\/\/www.o-p-i.fr\/parlonsen\/wp-json\/wp\/v2\/posts"}],"about":[{"href":"https:\/\/www.o-p-i.fr\/parlonsen\/wp-json\/wp\/v2\/types\/post"}],"author":[{"embeddable":true,"href":"https:\/\/www.o-p-i.fr\/parlonsen\/wp-json\/wp\/v2\/users\/2"}],"replies":[{"embeddable":true,"href":"https:\/\/www.o-p-i.fr\/parlonsen\/wp-json\/wp\/v2\/comments?post=778"}],"version-history":[{"count":0,"href":"https:\/\/www.o-p-i.fr\/parlonsen\/wp-json\/wp\/v2\/posts\/778\/revisions"}],"wp:attachment":[{"href":"https:\/\/www.o-p-i.fr\/parlonsen\/wp-json\/wp\/v2\/media?parent=778"}],"wp:term":[{"taxonomy":"category","embeddable":true,"href":"https:\/\/www.o-p-i.fr\/parlonsen\/wp-json\/wp\/v2\/categories?post=778"},{"taxonomy":"post_tag","embeddable":true,"href":"https:\/\/www.o-p-i.fr\/parlonsen\/wp-json\/wp\/v2\/tags?post=778"}],"curies":[{"name":"wp","href":"https:\/\/api.w.org\/{rel}","templated":true}]}}