{"id":7850,"date":"2011-05-17T19:45:15","date_gmt":"2011-05-17T17:45:15","guid":{"rendered":"\/parlonsen\/?p=7850"},"modified":"2011-05-17T19:45:15","modified_gmt":"2011-05-17T17:45:15","slug":"randonnee-pedestre-sur-puycelci-et-larroque","status":"publish","type":"post","link":"https:\/\/www.o-p-i.fr\/parlonsen\/localisation\/au-pays-des-tescous\/genebrieres\/randonnee-pedestre-sur-puycelci-et-larroque\/","title":{"rendered":"Randonn\u00e9e p\u00e9destre sur Puycelci et Larroque"},"content":{"rendered":"<p style=\"text-align: justify;\">Le <span style=\"color: #008000;\"><strong>Dimanche 29 Mai 2011<\/strong><\/span> l\u2019association \u00ab Les Coccinelles \u00ab  organise une randonn\u00e9e p\u00e9destre sur Puycelci et Larroque.<!--more--><\/p>\n<p style=\"text-align: justify;\">L\u2019association les coccinelles vous propose<strong> <span style=\"color: #008000;\">deux circuits successifs de 2 heures chacun pour d\u00e9couvrir Puycelci et Larroque en Gr\u00e9signe<\/span><\/strong><span style=\"color: #008000;\">.<\/span><\/p>\n<p style=\"text-align: justify;\">Rendez vous \u00e0 9 heures pr\u00e9cises devant la salle des f\u00eates de <span style=\"color: #008000;\">G\u00e9nebri\u00e8res<\/span> pour organiser le covoiturage jusqu\u2019\u00e0 Puycelci.<\/p>\n<p style=\"text-align: justify;\">L\u2019association les coccinelles fournit ap\u00e9ro jus de fruits et go\u00fbter, pr\u00e9voir son pique nique.<\/p>\n<p style=\"text-align: justify;\"><span style=\"color: #008000;\"><strong>Participation :<br \/>\n<\/strong><\/span> 3 \u20ac ; gratuit pour les enfants de moins de 10 ans<\/p>\n<p style=\"text-align: justify;\">Inscription souhait\u00e9e.<\/p>\n<p style=\"text-align: justify;\"><span style=\"color: #008000;\"><strong>Contact : <\/strong><\/span><\/p>\n<p style=\"text-align: justify;\">Daniel Guillemin : 05 63 30 30 26<br \/>\nNorbert Figu\u00e9r\u00e9do : 05 63 30 45 85<br \/>\nCatherine Darrigan : 05 63 30 30 65<\/p>\n<p style=\"text-align: justify;\"><em>Communiqu\u00e9 de Catherine Darrigan pour l&rsquo;association<\/em><\/p>\n<p style=\"text-align: justify;\"><a href=\"https:\/\/www.o-p-i.fr\/parlonsen\/agenda\/\"><strong>Retrouvez tous les \u00e9v\u00e8nements dans l&rsquo;agenda !<\/strong><\/a><\/p>\n<p style=\"text-align: justify;\">\n","protected":false},"excerpt":{"rendered":"<div class=\"mh-excerpt\">Le Dimanche 29 Mai 2011 l\u2019association \u00ab Les Coccinelles \u00ab organise une randonn\u00e9e p\u00e9destre sur Puycelci et Larroque.<\/div>\n","protected":false},"author":2,"featured_media":0,"comment_status":"open","ping_status":"open","sticky":false,"template":"","format":"standard","meta":{"om_disable_all_campaigns":false,"advanced_seo_description":"","jetpack_seo_html_title":"","jetpack_seo_noindex":false,"_jetpack_memberships_contains_paid_content":false,"footnotes":"","_links_to":"","_links_to_target":""},"categories":[42,29,54,53,914],"tags":[166,2552,478,558,762],"class_list":{"0":"post-7850","1":"post","2":"type-post","3":"status-publish","4":"format-standard","6":"category-a-cote-de-chez-nous","7":"category-genebrieres","8":"category-loisirs","9":"category-sports","10":"category-n-61-mai-2011","11":"tag-randonnee","12":"tag-genebrieres","13":"tag-puycelsi","14":"tag-larroque","15":"tag-randonnee-pedestre"},"jetpack_featured_media_url":"","views":{"total":0,"cached_at":"","cached_date":1738515741},"jetpack_likes_enabled":true,"jetpack_sharing_enabled":true,"jetpack_shortlink":"https:\/\/wp.me\/pg7Wxj-22C","jetpack-related-posts":[],"_links":{"self":[{"href":"https:\/\/www.o-p-i.fr\/parlonsen\/wp-json\/wp\/v2\/posts\/7850","targetHints":{"allow":["GET"]}}],"collection":[{"href":"https:\/\/www.o-p-i.fr\/parlonsen\/wp-json\/wp\/v2\/posts"}],"about":[{"href":"https:\/\/www.o-p-i.fr\/parlonsen\/wp-json\/wp\/v2\/types\/post"}],"author":[{"embeddable":true,"href":"https:\/\/www.o-p-i.fr\/parlonsen\/wp-json\/wp\/v2\/users\/2"}],"replies":[{"embeddable":true,"href":"https:\/\/www.o-p-i.fr\/parlonsen\/wp-json\/wp\/v2\/comments?post=7850"}],"version-history":[{"count":0,"href":"https:\/\/www.o-p-i.fr\/parlonsen\/wp-json\/wp\/v2\/posts\/7850\/revisions"}],"wp:attachment":[{"href":"https:\/\/www.o-p-i.fr\/parlonsen\/wp-json\/wp\/v2\/media?parent=7850"}],"wp:term":[{"taxonomy":"category","embeddable":true,"href":"https:\/\/www.o-p-i.fr\/parlonsen\/wp-json\/wp\/v2\/categories?post=7850"},{"taxonomy":"post_tag","embeddable":true,"href":"https:\/\/www.o-p-i.fr\/parlonsen\/wp-json\/wp\/v2\/tags?post=7850"}],"curies":[{"name":"wp","href":"https:\/\/api.w.org\/{rel}","templated":true}]}}