{"id":7875,"date":"2011-05-18T12:19:37","date_gmt":"2011-05-18T10:19:37","guid":{"rendered":"\/parlonsen\/?p=7875"},"modified":"2011-05-18T12:19:37","modified_gmt":"2011-05-18T10:19:37","slug":"the-dansant-a-leojac-3","status":"publish","type":"post","link":"https:\/\/www.o-p-i.fr\/parlonsen\/localisation\/au-pays-des-tescous\/leojac\/the-dansant-a-leojac-3\/","title":{"rendered":"Th\u00e9 Dansant &#8230; \u00e0 L\u00e9ojac"},"content":{"rendered":"<p style=\"text-align: justify;\"><span style=\"color: #800000;\"><strong>Les A\u00een\u00e9s de L\u00e9ojac<\/strong><\/span> organisent un th\u00e9 dansant ce<span style=\"color: #800000;\"><strong> Jeudi 19 Mai 2011<\/strong><\/span> \u00e0 14h30 \u00e0 la salle des f\u00eates \u00e0 L\u00e9ojac (82). <!--more--><\/p>\n<div class=\"mceTemp\" style=\"text-align: justify;\">\n<dl id=\"attachment_7876\" class=\"wp-caption alignright\" style=\"width: 308px;\">\n<dt class=\"wp-caption-dt\"><a href=\"https:\/\/i0.wp.com\/www.o-p-i.fr\/parlonsen\/wp-content\/uploads\/thedansant_leojac2.jpg?ssl=1\"><img data-recalc-dims=\"1\" loading=\"lazy\" decoding=\"async\" class=\"size-full wp-image-7876\" title=\"Jeudi apr\u00e8s midi, venez danser avec nous !\" src=\"https:\/\/i0.wp.com\/www.o-p-i.fr\/parlonsen\/wp-content\/uploads\/thedansant_leojac2.jpg?resize=298%2C224&#038;ssl=1\" alt=\"Jeudi apr\u00e8s midi, venez danser avec nous !\" width=\"298\" height=\"224\" \/><\/a><\/dt>\n<dd class=\"wp-caption-dd\">Jeudi apr\u00e8s midi, venez danser avec nous !<\/dd>\n<\/dl>\n<\/div>\n<p style=\"text-align: justify;\">Il sera anim\u00e9 par le talentueux <span style=\"color: #800000;\">Claude  Pontac<\/span> qui saura vous entra\u00eener sur la piste de danse.<\/p>\n<p style=\"text-align: justify;\"><span style=\"color: #800000;\"><strong>Contact :<\/strong><\/span><br \/>\nT\u00e9l. : 05 63 63 56 70 ou 05 63 67 55 25<\/p>\n<p style=\"text-align: justify;\"><em>Communiqu\u00e9 et Photo : Robert Linas Autriche et Pays d&rsquo;Oc <\/em><\/p>\n<p style=\"text-align: justify;\"><a href=\"https:\/\/www.o-p-i.fr\/parlonsen\/agenda\/\"><strong>Retrouvez tous les \u00e9v\u00e8nements dans l&rsquo;agenda !<\/strong><\/a><\/p>\n","protected":false},"excerpt":{"rendered":"<div class=\"mh-excerpt\">Les A\u00een\u00e9s de L\u00e9ojac organisent un th\u00e9 dansant ce Jeudi 19 Mai 2011 \u00e0 14h30 \u00e0 la salle des f\u00eates \u00e0 L\u00e9ojac (82).<\/div>\n","protected":false},"author":2,"featured_media":0,"comment_status":"open","ping_status":"open","sticky":false,"template":"","format":"standard","meta":{"om_disable_all_campaigns":false,"advanced_seo_description":"","jetpack_seo_html_title":"","jetpack_seo_noindex":false,"_jetpack_memberships_contains_paid_content":false,"footnotes":"","_links_to":"","_links_to_target":""},"categories":[30,54,914],"tags":[2553,80,82],"class_list":{"0":"post-7875","1":"post","2":"type-post","3":"status-publish","4":"format-standard","6":"category-leojac","7":"category-loisirs","8":"category-n-61-mai-2011","9":"tag-leojac","10":"tag-the-dansant","11":"tag-aines"},"jetpack_featured_media_url":"","views":{"total":0,"cached_at":"","cached_date":1738516212},"jetpack_likes_enabled":true,"jetpack_sharing_enabled":true,"jetpack_shortlink":"https:\/\/wp.me\/pg7Wxj-231","jetpack-related-posts":[],"_links":{"self":[{"href":"https:\/\/www.o-p-i.fr\/parlonsen\/wp-json\/wp\/v2\/posts\/7875","targetHints":{"allow":["GET"]}}],"collection":[{"href":"https:\/\/www.o-p-i.fr\/parlonsen\/wp-json\/wp\/v2\/posts"}],"about":[{"href":"https:\/\/www.o-p-i.fr\/parlonsen\/wp-json\/wp\/v2\/types\/post"}],"author":[{"embeddable":true,"href":"https:\/\/www.o-p-i.fr\/parlonsen\/wp-json\/wp\/v2\/users\/2"}],"replies":[{"embeddable":true,"href":"https:\/\/www.o-p-i.fr\/parlonsen\/wp-json\/wp\/v2\/comments?post=7875"}],"version-history":[{"count":0,"href":"https:\/\/www.o-p-i.fr\/parlonsen\/wp-json\/wp\/v2\/posts\/7875\/revisions"}],"wp:attachment":[{"href":"https:\/\/www.o-p-i.fr\/parlonsen\/wp-json\/wp\/v2\/media?parent=7875"}],"wp:term":[{"taxonomy":"category","embeddable":true,"href":"https:\/\/www.o-p-i.fr\/parlonsen\/wp-json\/wp\/v2\/categories?post=7875"},{"taxonomy":"post_tag","embeddable":true,"href":"https:\/\/www.o-p-i.fr\/parlonsen\/wp-json\/wp\/v2\/tags?post=7875"}],"curies":[{"name":"wp","href":"https:\/\/api.w.org\/{rel}","templated":true}]}}