{"id":7883,"date":"2011-05-18T15:19:14","date_gmt":"2011-05-18T13:19:14","guid":{"rendered":"\/parlonsen\/?p=7883"},"modified":"2025-11-10T20:58:06","modified_gmt":"2025-11-10T19:58:06","slug":"2eme-fete-internationale-de-la-moto-a-beauvais-sur-tescou","status":"publish","type":"post","link":"https:\/\/www.o-p-i.fr\/parlonsen\/localisation\/au-pays-des-tescous\/beauvais-sur-tescou\/2eme-fete-internationale-de-la-moto-a-beauvais-sur-tescou\/","title":{"rendered":"2\u00e8me F\u00eate Internationale de la Moto &#8230; \u00e0 Beauvais sur Tescou"},"content":{"rendered":"<p>La 2ieme f\u00eate de la moto organis\u00e9e par le <span style=\"color: #333300;\"><strong>moto club \u00ab\u00a0Los Crinko Soupapos\u00a0\u00bb<\/strong><\/span> se d\u00e9roulera \u00e0 Beauvais sur Tescou le <span style=\"color: #333300;\"><strong>Samedi 28 Mai 2011<\/strong><\/span>.<!--more--><\/p>\n<p><span style=\"color: #333300;\"><strong><img data-recalc-dims=\"1\" loading=\"lazy\" decoding=\"async\" class=\"alignright\" title=\"Los Crinko Soupapos\" src=\"https:\/\/i0.wp.com\/www.e-monsite.com\/s\/2009\/07\/06\/loscrinkosoupapos81\/28993201logo-jpg.jpg?resize=203%2C150\" alt=\"\" width=\"203\" height=\"150\" \/>Programme :<\/strong><\/span><br \/>\n<span style=\"color: #333300;\">15h :<\/span> Balade en moto<br \/>\n<span style=\"color: #333300;\">de 16h \u00e0 18h : <\/span>Animations diverses<br \/>\n<span style=\"color: #333300;\">19h : <\/span>Ap\u00e9ro<br \/>\n<span style=\"color: #333300;\">20h30 :<\/span> Repas ouvert \u00e0 tous<\/p>\n<p><span style=\"color: #333300;\"><strong>Menu :<\/strong><\/span><br \/>\nJambon de Pays &#8211; Melon<br \/>\nPaella<br \/>\nGateau Basque<br \/>\nVin &amp; Caf\u00e9<\/p>\n<p><span style=\"color: #333300;\"><strong>Tarifs repas :<\/strong><\/span><br \/>\nAdultes : 18 \u20ac<br \/>\nEnfants (-12 ans) : 8 \u20ac<\/p>\n<p><span style=\"color: #333300;\"><strong>R\u00e9servations :<\/strong><\/span> <a title=\"Cliquez pour ouvrir la fiche dans l'annuaire d'OPI\" href=\"https:\/\/www.o-p-i.fr\/aupays\/annuaire\/restauration\/o-tartines\/\">Restaurant \u00d4 Tartine<\/a><\/p>\n<p><span style=\"color: #333300;\"><strong>Contact :<\/strong><\/span> Los Crinko Soupapos<br \/>\nT\u00e9l. : 06 25 83 07 26 ou 06 13 41 05 02<br \/>\nSite : <a title=\"Ouvre le site dans une nouvelle fen\u00eatre\" href=\"http:\/\/loscrinkosoupapos81.e-monsite.com\/\" target=\"_blank\">http:\/\/loscrinkosoupapos81.e-monsite.com\/<\/a><\/p>\n<p><em>Communiqu\u00e9 de Didier Gelis pour Los Crinko Soupapos<\/em><\/p>\n<p><a href=\"https:\/\/www.o-p-i.fr\/parlonsen\/agenda\/\"><strong>Retrouvez tous les \u00e9v\u00e8nements dans l&rsquo;agenda !<\/strong><\/a><\/p>\n","protected":false},"excerpt":{"rendered":"<div class=\"mh-excerpt\">La 2ieme f\u00eate de la moto organis\u00e9e par le moto club \u00ab\u00a0Los Crinko Soupapos\u00a0\u00bb se d\u00e9roulera \u00e0 Beauvais sur Tescou le Samedi 28 Mai 2011.<\/div>\n","protected":false},"author":2,"featured_media":0,"comment_status":"open","ping_status":"open","sticky":false,"template":"","format":"standard","meta":{"om_disable_all_campaigns":false,"advanced_seo_description":"","jetpack_seo_html_title":"","jetpack_seo_noindex":false,"_jetpack_memberships_contains_paid_content":false,"footnotes":"","_links_to":"","_links_to_target":""},"categories":[28,54,53,914],"tags":[43,85,145,157,710,711],"class_list":{"0":"post-7883","1":"post","2":"type-post","3":"status-publish","4":"format-standard","6":"category-beauvais-sur-tescou","7":"category-loisirs","8":"category-sports","9":"category-n-61-mai-2011","10":"tag-concert","11":"tag-rocknroll","12":"tag-animation","13":"tag-repas","14":"tag-los-crinkos-soupapos","15":"tag-moto"},"jetpack_featured_media_url":"","views":{"total":0,"cached_at":"","cached_date":1738516127},"jetpack_likes_enabled":true,"jetpack_sharing_enabled":true,"jetpack_shortlink":"https:\/\/wp.me\/pg7Wxj-239","jetpack-related-posts":[],"_links":{"self":[{"href":"https:\/\/www.o-p-i.fr\/parlonsen\/wp-json\/wp\/v2\/posts\/7883","targetHints":{"allow":["GET"]}}],"collection":[{"href":"https:\/\/www.o-p-i.fr\/parlonsen\/wp-json\/wp\/v2\/posts"}],"about":[{"href":"https:\/\/www.o-p-i.fr\/parlonsen\/wp-json\/wp\/v2\/types\/post"}],"author":[{"embeddable":true,"href":"https:\/\/www.o-p-i.fr\/parlonsen\/wp-json\/wp\/v2\/users\/2"}],"replies":[{"embeddable":true,"href":"https:\/\/www.o-p-i.fr\/parlonsen\/wp-json\/wp\/v2\/comments?post=7883"}],"version-history":[{"count":1,"href":"https:\/\/www.o-p-i.fr\/parlonsen\/wp-json\/wp\/v2\/posts\/7883\/revisions"}],"predecessor-version":[{"id":67435,"href":"https:\/\/www.o-p-i.fr\/parlonsen\/wp-json\/wp\/v2\/posts\/7883\/revisions\/67435"}],"wp:attachment":[{"href":"https:\/\/www.o-p-i.fr\/parlonsen\/wp-json\/wp\/v2\/media?parent=7883"}],"wp:term":[{"taxonomy":"category","embeddable":true,"href":"https:\/\/www.o-p-i.fr\/parlonsen\/wp-json\/wp\/v2\/categories?post=7883"},{"taxonomy":"post_tag","embeddable":true,"href":"https:\/\/www.o-p-i.fr\/parlonsen\/wp-json\/wp\/v2\/tags?post=7883"}],"curies":[{"name":"wp","href":"https:\/\/api.w.org\/{rel}","templated":true}]}}