{"id":7995,"date":"2011-05-24T20:09:09","date_gmt":"2011-05-24T18:09:09","guid":{"rendered":"\/parlonsen\/?p=7995"},"modified":"2011-05-24T20:09:09","modified_gmt":"2011-05-24T18:09:09","slug":"venez-apprendre-les-danses-traditionnelles-occitanes-a-saint-nauphary","status":"publish","type":"post","link":"https:\/\/www.o-p-i.fr\/parlonsen\/parlons-en\/culture\/venez-apprendre-les-danses-traditionnelles-occitanes-a-saint-nauphary\/","title":{"rendered":"Venez apprendre les danses traditionnelles occitanes &#8230; \u00e0 Saint Nauphary"},"content":{"rendered":"<p style=\"text-align: justify;\"><span style=\"color: #800000;\"><strong>L&rsquo;association \u00ab\u00a0Lo Revisc\u00f2l\u00a0\u00bb <\/strong><\/span>vous invite \u00e0 venir apprendre les danses traditionnelles occitanes<span style=\"color: #800000;\"><strong> tous les jeudis de 20h \u00e0 22h <\/strong><\/span>\u00e0 la salle des f\u00eates. <!--more--><\/p>\n<p style=\"text-align: justify;\">\n<figure id=\"attachment_7996\" aria-describedby=\"caption-attachment-7996\" style=\"width: 400px\" class=\"wp-caption alignright\"><img data-recalc-dims=\"1\" loading=\"lazy\" decoding=\"async\" class=\"size-full wp-image-7996\" title=\"Saint-Nauphary (82)\" src=\"https:\/\/i0.wp.com\/www.o-p-i.fr\/parlonsen\/wp-content\/uploads\/danse_occ_stnau.jpg?resize=400%2C253&#038;ssl=1\" alt=\"Saint-Nauphary (82)\" width=\"400\" height=\"253\" srcset=\"https:\/\/i0.wp.com\/www.o-p-i.fr\/parlonsen\/wp-content\/uploads\/danse_occ_stnau.jpg?w=400&amp;ssl=1 400w, https:\/\/i0.wp.com\/www.o-p-i.fr\/parlonsen\/wp-content\/uploads\/danse_occ_stnau.jpg?resize=300%2C189&amp;ssl=1 300w\" sizes=\"auto, (max-width: 400px) 100vw, 400px\" \/><figcaption id=\"caption-attachment-7996\" class=\"wp-caption-text\">Saint-Nauphary (82)<\/figcaption><\/figure>\n<p style=\"text-align: justify;\">Mazuka, scotisches, bourr\u00e9es, polkas piqu\u00e9es, rondeau, branles&#8230; des danses que vous apprendrez dans une ambiance \u00e0 la fois s\u00e9rieuse et conviviale. Puis, vous pourrez les danser dans les bals occitans ou dans les bals traditionnels musette.<\/p>\n<p style=\"text-align: justify;\">Vous pouvez recevoir les informations sur ces activit\u00e9s gratuitement par e mail, envoyez votre adresse \u00e9lectronique.<\/p>\n<p style=\"text-align: justify;\"><strong><span style=\"color: #800000;\">Contact :<\/span> <\/strong>Robert Linas<br \/>\nT\u00e9l. : 05 63 67 85 92<br \/>\nCourriel : journalrobert@wanadoo.fr<\/p>\n<p style=\"text-align: justify;\"><em>Communiqu\u00e9 de Robert Linas<\/em><\/p>\n","protected":false},"excerpt":{"rendered":"<div class=\"mh-excerpt\">L&rsquo;association \u00ab\u00a0Lo Revisc\u00f2l\u00a0\u00bb vous invite \u00e0 venir apprendre les danses traditionnelles occitanes tous les jeudis de 20h \u00e0 22h \u00e0 la salle des f\u00eates.<\/div>\n","protected":false},"author":2,"featured_media":0,"comment_status":"open","ping_status":"open","sticky":false,"template":"","format":"standard","meta":{"om_disable_all_campaigns":false,"advanced_seo_description":"","jetpack_seo_html_title":"","jetpack_seo_noindex":false,"_jetpack_memberships_contains_paid_content":false,"footnotes":"","_links_to":"","_links_to_target":""},"categories":[1,54,53,17,914],"tags":[62,2542,84,133,336],"class_list":{"0":"post-7995","1":"post","2":"type-post","3":"status-publish","4":"format-standard","6":"category-culture","7":"category-loisirs","8":"category-sports","9":"category-saint_nauphary","10":"category-n-61-mai-2011","11":"tag-occitan","12":"tag-saint_nauphary","13":"tag-danse","14":"tag-occitanie","15":"tag-lo-reviscol"},"jetpack_featured_media_url":"","views":{"total":0,"cached_at":"","cached_date":1738515853},"jetpack_likes_enabled":true,"jetpack_sharing_enabled":true,"jetpack_shortlink":"https:\/\/wp.me\/pg7Wxj-24X","jetpack-related-posts":[],"_links":{"self":[{"href":"https:\/\/www.o-p-i.fr\/parlonsen\/wp-json\/wp\/v2\/posts\/7995","targetHints":{"allow":["GET"]}}],"collection":[{"href":"https:\/\/www.o-p-i.fr\/parlonsen\/wp-json\/wp\/v2\/posts"}],"about":[{"href":"https:\/\/www.o-p-i.fr\/parlonsen\/wp-json\/wp\/v2\/types\/post"}],"author":[{"embeddable":true,"href":"https:\/\/www.o-p-i.fr\/parlonsen\/wp-json\/wp\/v2\/users\/2"}],"replies":[{"embeddable":true,"href":"https:\/\/www.o-p-i.fr\/parlonsen\/wp-json\/wp\/v2\/comments?post=7995"}],"version-history":[{"count":0,"href":"https:\/\/www.o-p-i.fr\/parlonsen\/wp-json\/wp\/v2\/posts\/7995\/revisions"}],"wp:attachment":[{"href":"https:\/\/www.o-p-i.fr\/parlonsen\/wp-json\/wp\/v2\/media?parent=7995"}],"wp:term":[{"taxonomy":"category","embeddable":true,"href":"https:\/\/www.o-p-i.fr\/parlonsen\/wp-json\/wp\/v2\/categories?post=7995"},{"taxonomy":"post_tag","embeddable":true,"href":"https:\/\/www.o-p-i.fr\/parlonsen\/wp-json\/wp\/v2\/tags?post=7995"}],"curies":[{"name":"wp","href":"https:\/\/api.w.org\/{rel}","templated":true}]}}