{"id":7999,"date":"2011-05-25T12:40:30","date_gmt":"2011-05-25T10:40:30","guid":{"rendered":"\/parlonsen\/?p=7999"},"modified":"2011-05-25T12:40:30","modified_gmt":"2011-05-25T10:40:30","slug":"kermesse-de-l%e2%80%99ecole-st-joseph-a-saint-etienne-de-tulmont","status":"publish","type":"post","link":"https:\/\/www.o-p-i.fr\/parlonsen\/localisation\/a-cote-de-chez-nous\/kermesse-de-l%e2%80%99ecole-st-joseph-a-saint-etienne-de-tulmont\/","title":{"rendered":"Kermesse de l\u2019\u00e9cole St Joseph &#8230; \u00e0 Saint Etienne de Tulmont"},"content":{"rendered":"<p style=\"text-align: justify;\">Ce Dimanche 22 Mai 2011, la traditionnelle kermesse de l\u2019\u00e9cole St Joseph a permis aux jeunes et moins jeunes de se retrouver autour de multiples animations.<!--more--><\/p>\n<p style=\"text-align: justify;\">\n<figure id=\"attachment_8000\" aria-describedby=\"caption-attachment-8000\" style=\"width: 320px\" class=\"wp-caption alignright\"><img data-recalc-dims=\"1\" loading=\"lazy\" decoding=\"async\" class=\"size-full wp-image-8000 \" title=\"Saint-\u00c9tienne de Tulmont (82)\" src=\"https:\/\/i0.wp.com\/www.o-p-i.fr\/parlonsen\/wp-content\/uploads\/kermesse_stetienne.jpg?resize=320%2C250&#038;ssl=1\" alt=\"Saint-\u00c9tienne de Tulmont (82)\" width=\"320\" height=\"250\" srcset=\"https:\/\/i0.wp.com\/www.o-p-i.fr\/parlonsen\/wp-content\/uploads\/kermesse_stetienne.jpg?w=400&amp;ssl=1 400w, https:\/\/i0.wp.com\/www.o-p-i.fr\/parlonsen\/wp-content\/uploads\/kermesse_stetienne.jpg?resize=300%2C234&amp;ssl=1 300w\" sizes=\"auto, (max-width: 320px) 100vw, 320px\" \/><figcaption id=\"caption-attachment-8000\" class=\"wp-caption-text\">Saint-\u00c9tienne de Tulmont (82)<\/figcaption><\/figure>\n<p>La matin\u00e9e a d\u00e9but\u00e9 par la vente de fleurs et de g\u00e2teaux.<\/p>\n<p style=\"text-align: justify;\">Puis une \u00ab pasta party \u00bb a r\u00e9uni autour de la table parents, enfants et enseignantes. Le repas a \u00e9t\u00e9 concoct\u00e9 enti\u00e8rement par des ma\u00eetresses et des mamans pleines de talent et elles ont ainsi r\u00e9gal\u00e9 les convives de leurs diverses compositions gastronomiques.<\/p>\n<p style=\"text-align: justify;\">Vers 14h, le coup de sifflet \u00e9tait donn\u00e9 pour les animations et telle une vol\u00e9e d\u2019oiseaux, les enfants se sont \u00e9parpill\u00e9s dans la cour de r\u00e9cr\u00e9ation pour rejoindre leurs stands favoris ; fl\u00e9chettes, p\u00eache aux canards, lapinodrome, jeux d\u2019adresse, toboggan gonflable, promenades en cal\u00e8che ou poney dans les rues du village.<\/p>\n<p style=\"text-align: justify;\">La journ\u00e9e bien remplie \u00e9tait plac\u00e9e sous le signe de la joie et du partage et s\u2019est termin\u00e9e sur une tombola aux multiples lots.<\/p>\n<p style=\"text-align: justify;\">L\u2019APEL remercie tous les b\u00e9n\u00e9voles qui se sont sentis concern\u00e9s pour venir donner un peu de leur temps afin que puisse vivre ce temps fort de l\u2019\u00e9cole et procurer un moment de bonheur aux enfants.<\/p>\n<p style=\"text-align: justify;\"><em>Communiqu\u00e9 de Robert Linas<\/em><\/p>\n","protected":false},"excerpt":{"rendered":"<div class=\"mh-excerpt\">Ce Dimanche 22 Mai 2011, la traditionnelle kermesse de l\u2019\u00e9cole St Joseph a permis aux jeunes et moins jeunes de se retrouver autour de multiples animations.<\/div>\n","protected":false},"author":2,"featured_media":0,"comment_status":"open","ping_status":"open","sticky":false,"template":"","format":"standard","meta":{"om_disable_all_campaigns":false,"advanced_seo_description":"","jetpack_seo_html_title":"","jetpack_seo_noindex":false,"_jetpack_memberships_contains_paid_content":false,"footnotes":"","_links_to":"","_links_to_target":""},"categories":[42,54,914],"tags":[67,145,188,203,323,569],"class_list":{"0":"post-7999","1":"post","2":"type-post","3":"status-publish","4":"format-standard","6":"category-a-cote-de-chez-nous","7":"category-loisirs","8":"category-n-61-mai-2011","9":"tag-ecole","10":"tag-animation","11":"tag-ape","12":"tag-saint-etienne-de-tulmont","13":"tag-enfant","14":"tag-kermesse"},"jetpack_featured_media_url":"","views":{"total":0,"cached_at":"","cached_date":1738515867},"jetpack_likes_enabled":true,"jetpack_sharing_enabled":true,"jetpack_shortlink":"https:\/\/wp.me\/pg7Wxj-251","jetpack-related-posts":[],"_links":{"self":[{"href":"https:\/\/www.o-p-i.fr\/parlonsen\/wp-json\/wp\/v2\/posts\/7999","targetHints":{"allow":["GET"]}}],"collection":[{"href":"https:\/\/www.o-p-i.fr\/parlonsen\/wp-json\/wp\/v2\/posts"}],"about":[{"href":"https:\/\/www.o-p-i.fr\/parlonsen\/wp-json\/wp\/v2\/types\/post"}],"author":[{"embeddable":true,"href":"https:\/\/www.o-p-i.fr\/parlonsen\/wp-json\/wp\/v2\/users\/2"}],"replies":[{"embeddable":true,"href":"https:\/\/www.o-p-i.fr\/parlonsen\/wp-json\/wp\/v2\/comments?post=7999"}],"version-history":[{"count":0,"href":"https:\/\/www.o-p-i.fr\/parlonsen\/wp-json\/wp\/v2\/posts\/7999\/revisions"}],"wp:attachment":[{"href":"https:\/\/www.o-p-i.fr\/parlonsen\/wp-json\/wp\/v2\/media?parent=7999"}],"wp:term":[{"taxonomy":"category","embeddable":true,"href":"https:\/\/www.o-p-i.fr\/parlonsen\/wp-json\/wp\/v2\/categories?post=7999"},{"taxonomy":"post_tag","embeddable":true,"href":"https:\/\/www.o-p-i.fr\/parlonsen\/wp-json\/wp\/v2\/tags?post=7999"}],"curies":[{"name":"wp","href":"https:\/\/api.w.org\/{rel}","templated":true}]}}