{"id":8205,"date":"2011-06-06T14:51:42","date_gmt":"2011-06-06T12:51:42","guid":{"rendered":"\/parlonsen\/?p=8205"},"modified":"2011-06-06T15:12:32","modified_gmt":"2011-06-06T13:12:32","slug":"les-activites-de-lassociation-paroles-de-femmes-a-gaillac","status":"publish","type":"post","link":"https:\/\/www.o-p-i.fr\/parlonsen\/parlons-en\/pratique\/les-activites-de-lassociation-paroles-de-femmes-a-gaillac\/","title":{"rendered":"Les Activit\u00e9s de l&rsquo;association Paroles de Femmes &#8230; \u00e0 Gaillac"},"content":{"rendered":"<p>Nous avons le plaisir de vous pr\u00e9senter toutes les activit\u00e9s que propose l\u2019Association Paroles de Femmes. <!--more--><br \/>\nL\u2019association a pour vocation d\u2019offrir un espace de parole et d\u2019\u00e9change aux femmes qui souhaitent rompre la solitude, se ressourcer, \u00eatre aid\u00e9es en cas de difficult\u00e9s ou de violences, partager leurs exp\u00e9riences ou leurs recherches, et reprendre confiance en soi.<\/p>\n<p>Pour cette p\u00e9riode, nous vous proposons le programme suivant :<\/p>\n<p><span style=\"color: #800080;\"><strong>&#8211; Des permanences d\u2019accueil :<\/strong><\/span><br \/>\nA Gaillac les lundis de 16h \u00e0 19h, les mardis de 10h30 \u00e0 13h et les vendredis de 10h30 \u00e0 13h (en acc\u00e8s libre et sur rendez-vous) ;<br \/>\nA Saint Sulpice uniquement sur Rendez-Vous les mardis de 13h \u00e0 16h30 (au Centre M\u00e9dico-social, impasse Picart).<\/p>\n<p><span style=\"color: #800080;\"><strong>&#8211; Un groupe de parole, d\u2019expression et de soutien<\/strong><\/span> (confiance en soi, expression et estime de soi, violences subies) : anim\u00e9 par Mme Fournier, Pr\u00e9sidente de l\u2019Association, se renseigner et s\u2019inscrire aux heures des permanences ; dans la mesure d\u2019avoir un nombre de participantes suffisant.<br \/>\nProchain groupe : <span style=\"color: #800080;\">lundi 20 Juin 2011 de 14h45 \u00e0 16h15.<\/span><\/p>\n<p><span style=\"color: #800080;\"><strong>&#8211; Des ateliers d\u2019\u00e9criture :<\/strong><\/span> un apr\u00e8s-midi toutes les deux semaines, de 14h \u00e0 16h, anim\u00e9s par Nane V\u00e9zinet, prochains ateliers :\u00a0 <span style=\"color: #800080;\">mardi 14 Juin 2011 \u00e0 14h.<\/span><\/p>\n<p><span style=\"color: #800080;\"><strong>&#8211; Des ateliers de self d\u00e9fense<\/strong><\/span> \u2013 Fem do chi, \u00ab La voix de l\u2019\u00e9nergie des femmes \u00bb anim\u00e9s par Betty Fournier &#8211; pr\u00e9sidente de l\u2019association, le samedi une fois par mois de 16h \u00e0 19h. Merci de s\u2019inscrire avant aux heures des permanences.<br \/>\nProchain atelier Self : <span style=\"color: #800080;\">Samedi 9 Juillet<\/span> \u00e0 16h au Centre de Loisirs de l\u2019Ecole Clavelle (\u00e0 c\u00f4t\u00e9 de la gare).<\/p>\n<p><span style=\"color: #800080;\"><strong>&#8211; Des permanences juridiques collectives :<\/strong><\/span> ouvertes gratuitement lundi une fois par mois de 18h30 \u00e0 20h, anim\u00e9es par Gw\u00e9na\u00eblle Boissel (avocate)<br \/>\nProchaine permanence : <span style=\"color: #800080;\">lundi 6 Juin \u00e0 18h30.<\/span><\/p>\n<p><span style=\"color: #800080;\"><strong>&#8211; Une nouvelle permanence concernant l&rsquo;aide aux formalit\u00e9s administratives<\/strong><\/span> et accompagnement \u00e0 la recherche d&#8217;emploi, elle se tient tous les jeudis de 9h30 \u00e0 12h30.<\/p>\n<p>Et tout au long de l\u2019ann\u00e9e nous vous proposons des<span style=\"color: #800080;\"><strong> films, des pi\u00e8ces de th\u00e9\u00e2tre, des d\u00e9bats\u2026<\/strong><\/span><\/p>\n<p>N\u2019h\u00e9sitez pas \u00e0 prendre contact avec nous pour de plus amples renseignements.<\/p>\n<blockquote><p>Nous vous rappelons \u00e9galement que nos permanences se tiennent temporairement :<br \/>\n&#8211; Lundi de 16h \u00e0 19h (au lieu de 17h &#8211; 20h)<br \/>\n&#8211; Mardi de 10h30 \u00e0 13h (au lieu de 9h30 &#8211; 12h)<br \/>\n&#8211; Vendredi de 10h30 \u00e0 13h (au lieu de 9h30 &#8211; 12h)<br \/>\n<strong><\/strong><\/p><\/blockquote>\n<p><span style=\"color: #800080;\"><strong>Contact :<\/strong> Paroles de femmes<br \/>\n40, place d&rsquo;Hautpoul<br \/>\n81600 Gaillac<br \/>\nT\u00e9l. : 05.63.81.22.65<br \/>\nCourriel : <a href=\"mailto:parolesdefemmes81@gmail.com\">parolesdefemmes81@gmail.com<\/a><\/span><\/p>\n<p><em>Communiqu\u00e9 de Karolina Sermet &#8211; Folerzynska, Psychologue, coordinatrice et intervenante \u00e0 Paroles\u00a0\u00bb de Femmes<\/em><\/p>\n","protected":false},"excerpt":{"rendered":"<div class=\"mh-excerpt\">Nous avons le plaisir de vous pr\u00e9senter toutes les activit\u00e9s que propose l\u2019Association Paroles de Femmes.<\/div>\n","protected":false},"author":2,"featured_media":0,"comment_status":"open","ping_status":"open","sticky":false,"template":"","format":"standard","meta":{"om_disable_all_campaigns":false,"advanced_seo_description":"","jetpack_seo_html_title":"","jetpack_seo_noindex":false,"_jetpack_memberships_contains_paid_content":false,"footnotes":"","_links_to":"","_links_to_target":""},"categories":[42,290,291,6,952],"tags":[732,735,737,925,967,968,969,970,180,215],"class_list":{"0":"post-8205","1":"post","2":"type-post","3":"status-publish","4":"format-standard","6":"category-a-cote-de-chez-nous","7":"category-entraide","8":"category-solidarite","9":"category-pratique","10":"category-n-62-juin-2011","11":"tag-femme","12":"tag-soutien","13":"tag-saint-sulpice","14":"tag-ecriture","15":"tag-paroles-de-femmes","16":"tag-expression","17":"tag-parole","18":"tag-self-defense","19":"tag-atelier","20":"tag-gaillac"},"jetpack_featured_media_url":"","views":{"total":1,"cached_at":"","cached_date":1738472445},"jetpack_likes_enabled":true,"jetpack_sharing_enabled":true,"jetpack_shortlink":"https:\/\/wp.me\/pg7Wxj-28l","jetpack-related-posts":[],"_links":{"self":[{"href":"https:\/\/www.o-p-i.fr\/parlonsen\/wp-json\/wp\/v2\/posts\/8205","targetHints":{"allow":["GET"]}}],"collection":[{"href":"https:\/\/www.o-p-i.fr\/parlonsen\/wp-json\/wp\/v2\/posts"}],"about":[{"href":"https:\/\/www.o-p-i.fr\/parlonsen\/wp-json\/wp\/v2\/types\/post"}],"author":[{"embeddable":true,"href":"https:\/\/www.o-p-i.fr\/parlonsen\/wp-json\/wp\/v2\/users\/2"}],"replies":[{"embeddable":true,"href":"https:\/\/www.o-p-i.fr\/parlonsen\/wp-json\/wp\/v2\/comments?post=8205"}],"version-history":[{"count":0,"href":"https:\/\/www.o-p-i.fr\/parlonsen\/wp-json\/wp\/v2\/posts\/8205\/revisions"}],"wp:attachment":[{"href":"https:\/\/www.o-p-i.fr\/parlonsen\/wp-json\/wp\/v2\/media?parent=8205"}],"wp:term":[{"taxonomy":"category","embeddable":true,"href":"https:\/\/www.o-p-i.fr\/parlonsen\/wp-json\/wp\/v2\/categories?post=8205"},{"taxonomy":"post_tag","embeddable":true,"href":"https:\/\/www.o-p-i.fr\/parlonsen\/wp-json\/wp\/v2\/tags?post=8205"}],"curies":[{"name":"wp","href":"https:\/\/api.w.org\/{rel}","templated":true}]}}