{"id":8225,"date":"2011-06-07T12:22:44","date_gmt":"2011-06-07T10:22:44","guid":{"rendered":"\/parlonsen\/?p=8225"},"modified":"2011-06-07T12:31:50","modified_gmt":"2011-06-07T10:31:50","slug":"journee-africaine-a-gaillac","status":"publish","type":"post","link":"https:\/\/www.o-p-i.fr\/parlonsen\/parlons-en\/culture\/journee-africaine-a-gaillac\/","title":{"rendered":"Journ\u00e9e Africaine &#8230; \u00e0 Gaillac"},"content":{"rendered":"<p>L&rsquo;<strong><span style=\"color: #008000;\">association Djioko Black Arts<\/span><\/strong> vous invite \u00e0 sa f\u00eate de fin d&rsquo;ann\u00e9e le <span style=\"color: #008000;\"><strong>Samedi 11 Juin 2011<\/strong><\/span>, Salle Bouzinac \u00e0 Gaillac. March\u00e9 artisanal, animations, ateliers &#8230; sont autant de bonnes raisons de venir faire la f\u00eate ! Tous les b\u00e9n\u00e9fices\u00a0 leur permettront de continuer leurs actions pour le village de Diagon au S\u00e9n\u00e9gal.<!--more--><\/p>\n<figure id=\"attachment_8226\" aria-describedby=\"caption-attachment-8226\" style=\"width: 600px\" class=\"wp-caption aligncenter\"><a href=\"https:\/\/i0.wp.com\/www.o-p-i.fr\/parlonsen\/wp-content\/uploads\/affiche_djiokoblack2011.jpg?ssl=1\"><img data-recalc-dims=\"1\" loading=\"lazy\" decoding=\"async\" class=\"size-full wp-image-8226\" title=\"Gaillac (81)\" src=\"https:\/\/i0.wp.com\/www.o-p-i.fr\/parlonsen\/wp-content\/uploads\/affiche_djiokoblack2011.jpg?resize=600%2C825&#038;ssl=1\" alt=\"Gaillac (81)\" width=\"600\" height=\"825\" srcset=\"https:\/\/i0.wp.com\/www.o-p-i.fr\/parlonsen\/wp-content\/uploads\/affiche_djiokoblack2011.jpg?w=600&amp;ssl=1 600w, https:\/\/i0.wp.com\/www.o-p-i.fr\/parlonsen\/wp-content\/uploads\/affiche_djiokoblack2011.jpg?resize=218%2C300&amp;ssl=1 218w\" sizes=\"auto, (max-width: 600px) 100vw, 600px\" \/><\/a><figcaption id=\"caption-attachment-8226\" class=\"wp-caption-text\">Gaillac (81)<\/figcaption><\/figure>\n<p><span style=\"color: #008000;\"><strong>Contact :<\/strong><\/span> Association DJIOKO BLACK ARTS<br \/>\n9 route de Montauban<br \/>\n81600 GAILLAC<br \/>\nCourriel : <a href=\"mailto:djiokoblackarts@live.fr\">djiokoblackarts@live.fr<\/a><br \/>\nT\u00e9l. Fixe : 09.81.74.43.55<br \/>\nT\u00e9l. Port. : 06.50.59.43.86<\/p>\n<p><em>Communiqu\u00e9 de C\u00e9line CAVAILLE<\/em><\/p>\n<p><a href=\"https:\/\/www.o-p-i.fr\/parlonsen\/agenda\/\"><strong>Retrouvez tous les \u00e9v\u00e8nements dans l&rsquo;agenda !<\/strong><\/a><\/p>\n","protected":false},"excerpt":{"rendered":"<div class=\"mh-excerpt\">L&rsquo;association Djioko Black Arts vous invite \u00e0 sa f\u00eate de fin d&rsquo;ann\u00e9e le Samedi 11 Juin 2011, Salle Bouzinac \u00e0 Gaillac. March\u00e9 artisanal, animations, ateliers &#8230; sont autant de bonnes raisons de venir faire la <a class=\"mh-excerpt-more\" href=\"https:\/\/www.o-p-i.fr\/parlonsen\/parlons-en\/culture\/journee-africaine-a-gaillac\/\" title=\"Journ\u00e9e Africaine &#8230; \u00e0 Gaillac\">[&#8230;]<\/a><\/div>\n","protected":false},"author":2,"featured_media":0,"comment_status":"open","ping_status":"open","sticky":false,"template":"","format":"standard","meta":{"om_disable_all_campaigns":false,"advanced_seo_description":"","jetpack_seo_html_title":"","jetpack_seo_noindex":false,"_jetpack_memberships_contains_paid_content":false,"footnotes":"","_links_to":"","_links_to_target":""},"categories":[51,4,42,1,54,291,952],"tags":[323,437,735,2559,43,84,138,145,157,180,194,215],"class_list":{"0":"post-8225","1":"post","2":"type-post","3":"status-publish","4":"format-standard","6":"category-artisanat","7":"category-commerce","8":"category-a-cote-de-chez-nous","9":"category-culture","10":"category-loisirs","11":"category-solidarite","12":"category-n-62-juin-2011","13":"tag-enfant","14":"tag-culture-africaine","15":"tag-soutien","16":"tag-artisanat","17":"tag-concert","18":"tag-danse","19":"tag-marche","20":"tag-animation","21":"tag-repas","22":"tag-atelier","23":"tag-afrique","24":"tag-gaillac"},"jetpack_featured_media_url":"","views":{"total":0,"cached_at":"","cached_date":1738449301},"jetpack_likes_enabled":true,"jetpack_sharing_enabled":true,"jetpack_shortlink":"https:\/\/wp.me\/pg7Wxj-28F","jetpack-related-posts":[],"_links":{"self":[{"href":"https:\/\/www.o-p-i.fr\/parlonsen\/wp-json\/wp\/v2\/posts\/8225","targetHints":{"allow":["GET"]}}],"collection":[{"href":"https:\/\/www.o-p-i.fr\/parlonsen\/wp-json\/wp\/v2\/posts"}],"about":[{"href":"https:\/\/www.o-p-i.fr\/parlonsen\/wp-json\/wp\/v2\/types\/post"}],"author":[{"embeddable":true,"href":"https:\/\/www.o-p-i.fr\/parlonsen\/wp-json\/wp\/v2\/users\/2"}],"replies":[{"embeddable":true,"href":"https:\/\/www.o-p-i.fr\/parlonsen\/wp-json\/wp\/v2\/comments?post=8225"}],"version-history":[{"count":0,"href":"https:\/\/www.o-p-i.fr\/parlonsen\/wp-json\/wp\/v2\/posts\/8225\/revisions"}],"wp:attachment":[{"href":"https:\/\/www.o-p-i.fr\/parlonsen\/wp-json\/wp\/v2\/media?parent=8225"}],"wp:term":[{"taxonomy":"category","embeddable":true,"href":"https:\/\/www.o-p-i.fr\/parlonsen\/wp-json\/wp\/v2\/categories?post=8225"},{"taxonomy":"post_tag","embeddable":true,"href":"https:\/\/www.o-p-i.fr\/parlonsen\/wp-json\/wp\/v2\/tags?post=8225"}],"curies":[{"name":"wp","href":"https:\/\/api.w.org\/{rel}","templated":true}]}}