{"id":8633,"date":"2011-06-30T16:31:52","date_gmt":"2011-06-30T14:31:52","guid":{"rendered":"\/parlonsen\/?p=8633"},"modified":"2011-06-30T16:31:52","modified_gmt":"2011-06-30T14:31:52","slug":"les-faiseurs-singuliers-a-negrepelisse","status":"publish","type":"post","link":"https:\/\/www.o-p-i.fr\/parlonsen\/parlons-en\/culture\/les-faiseurs-singuliers-a-negrepelisse\/","title":{"rendered":"Les Faiseurs Singuliers &#8230; \u00e0 N\u00e8grepelisse"},"content":{"rendered":"<p>Le <span style=\"color: #3366ff;\"><strong>collectif d&rsquo;artistes Les Faiseurs Singuliers<\/strong><\/span> expose au Moulin de N\u00e8grepelisse du <span style=\"color: #3366ff;\"><strong>9 Juillet au 21 Ao\u00fbt 201<\/strong><\/span>1. <!--more--><\/p>\n<figure id=\"attachment_8634\" aria-describedby=\"caption-attachment-8634\" style=\"width: 700px\" class=\"wp-caption aligncenter\"><img data-recalc-dims=\"1\" loading=\"lazy\" decoding=\"async\" class=\"size-full wp-image-8634\" title=\"N\u00e8grepelisse (82)\" src=\"https:\/\/i0.wp.com\/www.o-p-i.fr\/parlonsen\/wp-content\/uploads\/invit-faiseurs-singuliers.jpg?resize=700%2C310&#038;ssl=1\" alt=\"N\u00e8grepelisse (82)\" width=\"700\" height=\"310\" srcset=\"https:\/\/i0.wp.com\/www.o-p-i.fr\/parlonsen\/wp-content\/uploads\/invit-faiseurs-singuliers.jpg?w=700&amp;ssl=1 700w, https:\/\/i0.wp.com\/www.o-p-i.fr\/parlonsen\/wp-content\/uploads\/invit-faiseurs-singuliers.jpg?resize=300%2C132&amp;ssl=1 300w\" sizes=\"auto, (max-width: 700px) 100vw, 700px\" \/><figcaption id=\"caption-attachment-8634\" class=\"wp-caption-text\">N\u00e8grepelisse (82)<\/figcaption><\/figure>\n<p><em>Communiqu\u00e9 de Aurore  Deffr\u00e8ne, charg\u00e9e de communication, des affaires culturelles et du Tourisme de  la <a title=\"Ouvre le site dans une nouvelle fen\u00eatre\" href=\"http:\/\/www.ville-negrepelisse.fr\/\" target=\"_blank\">mairie de  N\u00e8grepelisse<\/a><\/em><\/p>\n<p><a href=\"https:\/\/www.o-p-i.fr\/parlonsen\/agenda\/\"><strong>Retrouvez tous les \u00e9v\u00e8nements dans l&rsquo;agenda !<\/strong><\/a><\/p>\n","protected":false},"excerpt":{"rendered":"<div class=\"mh-excerpt\">Le collectif d&rsquo;artistes Les Faiseurs Singuliers expose au Moulin de N\u00e8grepelisse du 9 Juillet au 21 Ao\u00fbt 2011.<\/div>\n","protected":false},"author":2,"featured_media":0,"comment_status":"open","ping_status":"open","sticky":false,"template":"","format":"standard","meta":{"om_disable_all_campaigns":false,"advanced_seo_description":"","jetpack_seo_html_title":"","jetpack_seo_noindex":false,"_jetpack_memberships_contains_paid_content":false,"footnotes":"","_links_to":"","_links_to_target":""},"categories":[51,4,42,1,54,952],"tags":[100,138,172,200,330,2559],"class_list":{"0":"post-8633","1":"post","2":"type-post","3":"status-publish","4":"format-standard","6":"category-artisanat","7":"category-commerce","8":"category-a-cote-de-chez-nous","9":"category-culture","10":"category-loisirs","11":"category-n-62-juin-2011","12":"tag-negrepelisse","13":"tag-marche","14":"tag-exposition","15":"tag-art","16":"tag-rencontre","17":"tag-artisanat"},"jetpack_featured_media_url":"","views":{"total":0,"cached_at":"","cached_date":1738511888},"jetpack_likes_enabled":true,"jetpack_sharing_enabled":true,"jetpack_shortlink":"https:\/\/wp.me\/pg7Wxj-2ff","jetpack-related-posts":[],"_links":{"self":[{"href":"https:\/\/www.o-p-i.fr\/parlonsen\/wp-json\/wp\/v2\/posts\/8633","targetHints":{"allow":["GET"]}}],"collection":[{"href":"https:\/\/www.o-p-i.fr\/parlonsen\/wp-json\/wp\/v2\/posts"}],"about":[{"href":"https:\/\/www.o-p-i.fr\/parlonsen\/wp-json\/wp\/v2\/types\/post"}],"author":[{"embeddable":true,"href":"https:\/\/www.o-p-i.fr\/parlonsen\/wp-json\/wp\/v2\/users\/2"}],"replies":[{"embeddable":true,"href":"https:\/\/www.o-p-i.fr\/parlonsen\/wp-json\/wp\/v2\/comments?post=8633"}],"version-history":[{"count":0,"href":"https:\/\/www.o-p-i.fr\/parlonsen\/wp-json\/wp\/v2\/posts\/8633\/revisions"}],"wp:attachment":[{"href":"https:\/\/www.o-p-i.fr\/parlonsen\/wp-json\/wp\/v2\/media?parent=8633"}],"wp:term":[{"taxonomy":"category","embeddable":true,"href":"https:\/\/www.o-p-i.fr\/parlonsen\/wp-json\/wp\/v2\/categories?post=8633"},{"taxonomy":"post_tag","embeddable":true,"href":"https:\/\/www.o-p-i.fr\/parlonsen\/wp-json\/wp\/v2\/tags?post=8633"}],"curies":[{"name":"wp","href":"https:\/\/api.w.org\/{rel}","templated":true}]}}