{"id":8658,"date":"2011-07-04T18:15:48","date_gmt":"2011-07-04T16:15:48","guid":{"rendered":"\/parlonsen\/?p=8658"},"modified":"2011-07-19T00:24:24","modified_gmt":"2011-07-18T22:24:24","slug":"tauriac-cafe-%e2%80%a6-programmation-de-juillet-2011","status":"publish","type":"post","link":"https:\/\/www.o-p-i.fr\/parlonsen\/parlons-en\/culture\/tauriac-cafe-%e2%80%a6-programmation-de-juillet-2011\/","title":{"rendered":"Tauriac Caf\u00e9 \u2026 Programmation de Juillet 2011"},"content":{"rendered":"<p>De beaux concerts en perspective, ainsi que des expositions diverses et  originales et surtout de magnifiques moments qui feront profiter du  jardin durant le mois de\u00a0 Juillet 2011.<!--more--><\/p>\n<p>Pour t\u00e9l\u00e9charger le programme complet, <a title=\"Ouvre le fichier PDF dans une nouvelle fen\u00eatre\" href=\"https:\/\/www.o-p-i.fr\/parlonsen\/wp-content\/uploads\/tauriaccafe_juillet20111.pdf\" target=\"_blank\">cliquez ici !<\/a><\/p>\n<p>Bonnes vacances \u00e0 ceux qui ont la joie de partir et \u00e0 bient\u00f4t pour ceux qui le feront plus tard&#8230;<br \/>\nSans oublier l&rsquo;occasion de d\u00e9guster une bonne pizza&#8230; que juillet soit un beau mois d&rsquo;\u00e9t\u00e9.<\/p>\n<p><span style=\"color: #808000;\"><strong>Contact : <\/strong><\/span><a title=\"Cliquez pour ouvrir la fiche dans l'annuaire d'OPI\" href=\"https:\/\/www.o-p-i.fr\/aupays\/annuaire\/bar-cafe\/tauriac-cafe\/\">Tauriac Caf\u00e9<\/a><br \/>\nT\u00e9l. :  05 63 81 46 04.<\/p>\n<p><em>Communiqu\u00e9 de l&rsquo;\u00e9quipe du <a title=\"Cliquez pour ouvrir la fiche dans l'annuaire d'OPI\" href=\"https:\/\/www.o-p-i.fr\/aupays\/annuaire\/bar-cafe\/tauriac-cafe\/\">Tauriac Caf\u00e9 <\/a><\/em><\/p>\n","protected":false},"excerpt":{"rendered":"<div class=\"mh-excerpt\">De beaux concerts en perspective, ainsi que des expositions diverses et originales et surtout de magnifiques moments qui feront profiter du jardin durant le mois de\u00a0 Juillet 2011.<\/div>\n","protected":false},"author":2,"featured_media":0,"comment_status":"open","ping_status":"open","sticky":false,"template":"","format":"standard","meta":{"om_disable_all_campaigns":false,"advanced_seo_description":"","jetpack_seo_html_title":"","jetpack_seo_noindex":false,"_jetpack_memberships_contains_paid_content":false,"footnotes":"","_links_to":"","_links_to_target":""},"categories":[1,603,54,21,1013],"tags":[583,43,172,2546],"class_list":{"0":"post-8658","1":"post","2":"type-post","3":"status-publish","4":"format-standard","6":"category-culture","7":"category-vive-lete","8":"category-loisirs","9":"category-tauriac","10":"category-n-63-juillet-2011","11":"tag-tauriac-cafe","12":"tag-concert","13":"tag-exposition","14":"tag-tauriac"},"jetpack_featured_media_url":"","views":{"total":0,"cached_at":"","cached_date":1738368208},"jetpack_likes_enabled":true,"jetpack_sharing_enabled":true,"jetpack_shortlink":"https:\/\/wp.me\/pg7Wxj-2fE","jetpack-related-posts":[],"_links":{"self":[{"href":"https:\/\/www.o-p-i.fr\/parlonsen\/wp-json\/wp\/v2\/posts\/8658","targetHints":{"allow":["GET"]}}],"collection":[{"href":"https:\/\/www.o-p-i.fr\/parlonsen\/wp-json\/wp\/v2\/posts"}],"about":[{"href":"https:\/\/www.o-p-i.fr\/parlonsen\/wp-json\/wp\/v2\/types\/post"}],"author":[{"embeddable":true,"href":"https:\/\/www.o-p-i.fr\/parlonsen\/wp-json\/wp\/v2\/users\/2"}],"replies":[{"embeddable":true,"href":"https:\/\/www.o-p-i.fr\/parlonsen\/wp-json\/wp\/v2\/comments?post=8658"}],"version-history":[{"count":0,"href":"https:\/\/www.o-p-i.fr\/parlonsen\/wp-json\/wp\/v2\/posts\/8658\/revisions"}],"wp:attachment":[{"href":"https:\/\/www.o-p-i.fr\/parlonsen\/wp-json\/wp\/v2\/media?parent=8658"}],"wp:term":[{"taxonomy":"category","embeddable":true,"href":"https:\/\/www.o-p-i.fr\/parlonsen\/wp-json\/wp\/v2\/categories?post=8658"},{"taxonomy":"post_tag","embeddable":true,"href":"https:\/\/www.o-p-i.fr\/parlonsen\/wp-json\/wp\/v2\/tags?post=8658"}],"curies":[{"name":"wp","href":"https:\/\/api.w.org\/{rel}","templated":true}]}}