{"id":8696,"date":"2011-07-06T13:19:58","date_gmt":"2011-07-06T11:19:58","guid":{"rendered":"\/parlonsen\/?p=8696"},"modified":"2012-10-30T18:33:48","modified_gmt":"2012-10-30T16:33:48","slug":"decouvrir-les-metiers-du-batiment-et-de-l%c2%92eco-construction-a-gaillac","status":"publish","type":"post","link":"https:\/\/www.o-p-i.fr\/parlonsen\/parlons-en\/pratique\/decouvrir-les-metiers-du-batiment-et-de-l%c2%92eco-construction-a-gaillac\/","title":{"rendered":"D\u00e9couvrir les m\u00e9tiers du b\u00e2timent et de l&rsquo;\u0092\u00e9co-construction &#8230; \u00e0 Gaillac"},"content":{"rendered":"<p style=\"text-align: justify;\">La <span style=\"color: #333399;\"><strong>Mcef\/Mde de l\u0092&rsquo;Ouest du Tarn<\/strong><\/span> organise dans ses locaux, <span style=\"color: #333399;\"><strong>Vendredi 8 Juillet 2011 <\/strong><\/span>de 14h \u00e0 16h, un zoom sur les m\u00e9tiers du b\u00e2timent et de l\u0092&rsquo;\u00e9co-construction. <!--more--><\/p>\n<p style=\"text-align: justify;\">\n<p style=\"text-align: justify;\">Fruit d&rsquo;\u0092un partenariat avec la chambre des m\u00e9tiers du Tarn et l\u0092&rsquo;antenne locale du service Territorial de la R\u00e9gion Midi-Pyr\u00e9n\u00e9es, cette r\u00e9union s&rsquo;adresse \u00e0 toutes les personnes qui souhaitent obtenir des informations sur les m\u00e9tiers de ce domaine, le march\u00e9 du travail et l&rsquo;offre de formation. L&rsquo;\u0092information sera compl\u00e9t\u00e9e par des t\u00e9moignages de professionnels.<\/p>\n<p style=\"text-align: justify;\">\n<figure id=\"attachment_14748\" aria-describedby=\"caption-attachment-14748\" style=\"width: 600px\" class=\"wp-caption aligncenter\"><a href=\"https:\/\/i0.wp.com\/www.o-p-i.fr\/parlonsen\/wp-content\/uploads\/mcefgaillac.jpg?ssl=1\"><img data-recalc-dims=\"1\" loading=\"lazy\" decoding=\"async\" class=\"size-full wp-image-14748\" title=\"MCEF Gaillac\" src=\"https:\/\/i0.wp.com\/www.o-p-i.fr\/parlonsen\/wp-content\/uploads\/mcefgaillac.jpg?resize=600%2C94&#038;ssl=1\" alt=\"MCEF Gaillac\" width=\"600\" height=\"94\" srcset=\"https:\/\/i0.wp.com\/www.o-p-i.fr\/parlonsen\/wp-content\/uploads\/mcefgaillac.jpg?w=600&amp;ssl=1 600w, https:\/\/i0.wp.com\/www.o-p-i.fr\/parlonsen\/wp-content\/uploads\/mcefgaillac.jpg?resize=300%2C47&amp;ssl=1 300w\" sizes=\"auto, (max-width: 600px) 100vw, 600px\" \/><\/a><figcaption id=\"caption-attachment-14748\" class=\"wp-caption-text\">MCEF Gaillac<\/figcaption><\/figure>\n<p style=\"text-align: justify;\">Inscription pr\u00e9alable aupr\u00e8s des animatrices du Centre de ressources de la maison commune sur place ou par t\u00e9l\u00e9phone.<\/p>\n<p style=\"text-align: justify;\"><span style=\"color: #333399;\"><strong>Contact : <\/strong><\/span><a title=\"Ouvre le site dans une nouvelle fen\u00eatre\" href=\"http:\/\/mcef.midipyrenees.fr\/MCEF-du-Tarn-Ouest.html\" target=\"_blank\">Mcef\/Mde de l\u0092Ouest du Tarn<\/a><br \/>\n10-12, rue Hippolyte-Rigal<br \/>\n81600 Gaillac<br \/>\nT\u00e9l. : 05 63 81 17 97<br \/>\nSite : <a title=\"Ouvre le site dans une nouvelle fen\u00eatre\" href=\"http:\/\/mcef.midipyrenees.fr\/\" target=\"_blank\">http:\/\/mcef.midipyrenees.fr\/<\/a><\/p>\n<p style=\"text-align: justify;\"><em>Source : \t<a title=\"Ouvre le site dans une nouvelle fen\u00eatre\" href=\"http:\/\/www.cariforef-mp.asso.fr\/1-14543-Titres-de-l-Actualite.php?source_newsletter=397\" target=\"_blank\">Lettre d&rsquo;information du CarifOref Midi-Pyr\u00e9n\u00e9es du 05.07.2011 <\/a><\/em><\/p>\n<p><a href=\"https:\/\/www.o-p-i.fr\/parlonsen\/agenda\/\"><strong>Retrouvez tous les \u00e9v\u00e8nements dans l&rsquo;agenda !<\/strong><\/a><\/p>\n","protected":false},"excerpt":{"rendered":"<div class=\"mh-excerpt\">La Mcef\/Mde de l\u0092&rsquo;Ouest du Tarn organise dans ses locaux, Vendredi 8 Juillet 2011 de 14h \u00e0 16h, un zoom sur les m\u00e9tiers du b\u00e2timent et de l\u0092&rsquo;\u00e9co-construction.<\/div>\n","protected":false},"author":2,"featured_media":0,"comment_status":"open","ping_status":"open","sticky":false,"template":"","format":"standard","meta":{"om_disable_all_campaigns":false,"advanced_seo_description":"","jetpack_seo_html_title":"","jetpack_seo_noindex":false,"_jetpack_memberships_contains_paid_content":false,"footnotes":"","_links_to":"","_links_to_target":""},"categories":[51,42,55,725,16,6,1013],"tags":[215,244,375,520,673],"class_list":{"0":"post-8696","1":"post","2":"type-post","3":"status-publish","4":"format-standard","6":"category-artisanat","7":"category-a-cote-de-chez-nous","8":"category-environnement","9":"category-formation-parlons-en","10":"category-monclar","11":"category-pratique","12":"category-n-63-juillet-2011","13":"tag-gaillac","14":"tag-formation","15":"tag-mcef","16":"tag-emploi","17":"tag-eco-metier"},"jetpack_featured_media_url":"","views":{"total":1,"cached_at":"","cached_date":1738514788},"jetpack_likes_enabled":true,"jetpack_sharing_enabled":true,"jetpack_shortlink":"https:\/\/wp.me\/pg7Wxj-2gg","jetpack-related-posts":[],"_links":{"self":[{"href":"https:\/\/www.o-p-i.fr\/parlonsen\/wp-json\/wp\/v2\/posts\/8696","targetHints":{"allow":["GET"]}}],"collection":[{"href":"https:\/\/www.o-p-i.fr\/parlonsen\/wp-json\/wp\/v2\/posts"}],"about":[{"href":"https:\/\/www.o-p-i.fr\/parlonsen\/wp-json\/wp\/v2\/types\/post"}],"author":[{"embeddable":true,"href":"https:\/\/www.o-p-i.fr\/parlonsen\/wp-json\/wp\/v2\/users\/2"}],"replies":[{"embeddable":true,"href":"https:\/\/www.o-p-i.fr\/parlonsen\/wp-json\/wp\/v2\/comments?post=8696"}],"version-history":[{"count":0,"href":"https:\/\/www.o-p-i.fr\/parlonsen\/wp-json\/wp\/v2\/posts\/8696\/revisions"}],"wp:attachment":[{"href":"https:\/\/www.o-p-i.fr\/parlonsen\/wp-json\/wp\/v2\/media?parent=8696"}],"wp:term":[{"taxonomy":"category","embeddable":true,"href":"https:\/\/www.o-p-i.fr\/parlonsen\/wp-json\/wp\/v2\/categories?post=8696"},{"taxonomy":"post_tag","embeddable":true,"href":"https:\/\/www.o-p-i.fr\/parlonsen\/wp-json\/wp\/v2\/tags?post=8696"}],"curies":[{"name":"wp","href":"https:\/\/api.w.org\/{rel}","templated":true}]}}