{"id":870,"date":"2009-10-23T19:18:49","date_gmt":"2009-10-23T17:18:49","guid":{"rendered":"\/parlonsen\/?p=870"},"modified":"2009-10-23T19:22:27","modified_gmt":"2009-10-23T17:22:27","slug":"panorama-du-court-metrage-a-montdurausse","status":"publish","type":"post","link":"https:\/\/www.o-p-i.fr\/parlonsen\/parlons-en\/culture\/panorama-du-court-metrage-a-montdurausse\/","title":{"rendered":"Panorama du court-m\u00e9trage &#8230; \u00e0 Montdurausse"},"content":{"rendered":"<p style=\"text-align: justify;\">Les films pr\u00e9sent\u00e9s lors de la soir\u00e9e du <strong><span style=\"color: #008000;\">Samedi 31 Octobre<\/span><\/strong> sont des courts m\u00e9trages, qui,\u00a0 pour la majorit\u00e9 sont des documentaires, comme demand\u00e9 par les associations organisatrices.<!--more--><\/p>\n<p style=\"text-align: justify;\">\n<figure id=\"attachment_871\" aria-describedby=\"caption-attachment-871\" style=\"width: 240px\" class=\"wp-caption alignleft\"><img data-recalc-dims=\"1\" loading=\"lazy\" decoding=\"async\" class=\"size-full wp-image-871\" title=\"Panorma du court m\u00e9trage\" src=\"https:\/\/i0.wp.com\/www.o-p-i.fr\/parlonsen\/wp-content\/uploads\/cine_montdurausse.jpg?resize=240%2C337&#038;ssl=1\" alt=\"Panorma du court m\u00e9trage\" width=\"240\" height=\"337\" srcset=\"https:\/\/i0.wp.com\/www.o-p-i.fr\/parlonsen\/wp-content\/uploads\/cine_montdurausse.jpg?w=400&amp;ssl=1 400w, https:\/\/i0.wp.com\/www.o-p-i.fr\/parlonsen\/wp-content\/uploads\/cine_montdurausse.jpg?resize=213%2C300&amp;ssl=1 213w\" sizes=\"auto, (max-width: 240px) 100vw, 240px\" \/><figcaption id=\"caption-attachment-871\" class=\"wp-caption-text\">Panorma du court m\u00e9trage<\/figcaption><\/figure>\n<p>Une reconstitution historique, un carnet de voyage de Toulouse \u00e0 Saint Jacques de Compostelle, La solitude d&rsquo;un berger dans des paysages grandioses de haute montagne&#8230;.<br \/>\nUn\u00a0 reportage- film de voyage et une s\u00e9rie de <strong><span style=\"color: #008000;\">7 films de fiction tr\u00e8s courts amusants ou grin\u00e7ants<\/span><\/strong> de 1mn chacun.<br \/>\nCertains de ces films ont \u00e9t\u00e9 prim\u00e9s nationalement et pour 2 d&rsquo;entre eux, Racines et le Passage, ils ont repr\u00e9sent\u00e9 la France au festival mondial du cin\u00e9ma non professionnel l&rsquo;ann\u00e9e derni\u00e8re \u00e0 Tunis.<br \/>\nLe film \u00ab\u00a0<span style=\"color: #008000;\"><strong>Pierre DARIOS, paysan-sculpteur<\/strong><\/span>\u00a0\u00bb clot\u00fbrera la soir\u00e9e.<\/p>\n<p style=\"text-align: justify;\">Cette soir\u00e9e est organis\u00e9e en partenariat avec la mairie et les associations qui animent la vie du village.<\/p>\n<p>Bernard Cantagrel<\/p>\n<p style=\"text-align: justify;\"><a href=\"https:\/\/www.o-p-i.fr\/parlonsen\/wp-content\/uploads\/progr_cine_montdurausse.pdf\" target=\"_blank\">Demandez\u00a0 le programme !<\/a><\/p>\n<p style=\"text-align: justify;\">Contact :<\/p>\n<p style=\"text-align: justify;\"><a href=\"https:\/\/www.o-p-i.fr\/aupays\/nos-villages\/en-pratique-a-montdurausse\/\" target=\"_blank\">Mairie<\/a><br \/>\n<a href=\"http:\/\/www.everyoneweb.fr\/comitedesfetesdemontdurausse\/\" target=\"_blank\">Comit\u00e9 des F\u00eates de Montdurausse<\/a><\/p>\n","protected":false},"excerpt":{"rendered":"<div class=\"mh-excerpt\">Les films pr\u00e9sent\u00e9s lors de la soir\u00e9e du Samedi 31 Octobre sont des courts m\u00e9trages, qui,\u00a0 pour la majorit\u00e9 sont des documentaires, comme demand\u00e9 par les associations organisatrices.<\/div>\n","protected":false},"author":8,"featured_media":0,"comment_status":"open","ping_status":"open","sticky":false,"template":"","format":"standard","meta":{"om_disable_all_campaigns":false,"advanced_seo_description":"","jetpack_seo_html_title":"","jetpack_seo_noindex":false,"_jetpack_memberships_contains_paid_content":false,"footnotes":"","_links_to":"","_links_to_target":""},"categories":[3,51,1,54,32,9],"tags":[2555,110,111],"class_list":{"0":"post-870","1":"post","2":"type-post","3":"status-publish","4":"format-standard","6":"category-agriculture","7":"category-artisanat","8":"category-culture","9":"category-loisirs","10":"category-montdurausse","11":"category-n_42","12":"tag-montdurausse","13":"tag-documentaire","14":"tag-projection"},"jetpack_featured_media_url":"","views":{"total":1,"cached_at":"","cached_date":1738515332},"jetpack_likes_enabled":true,"jetpack_sharing_enabled":true,"jetpack_shortlink":"https:\/\/wp.me\/pg7Wxj-e2","jetpack-related-posts":[],"_links":{"self":[{"href":"https:\/\/www.o-p-i.fr\/parlonsen\/wp-json\/wp\/v2\/posts\/870","targetHints":{"allow":["GET"]}}],"collection":[{"href":"https:\/\/www.o-p-i.fr\/parlonsen\/wp-json\/wp\/v2\/posts"}],"about":[{"href":"https:\/\/www.o-p-i.fr\/parlonsen\/wp-json\/wp\/v2\/types\/post"}],"author":[{"embeddable":true,"href":"https:\/\/www.o-p-i.fr\/parlonsen\/wp-json\/wp\/v2\/users\/8"}],"replies":[{"embeddable":true,"href":"https:\/\/www.o-p-i.fr\/parlonsen\/wp-json\/wp\/v2\/comments?post=870"}],"version-history":[{"count":0,"href":"https:\/\/www.o-p-i.fr\/parlonsen\/wp-json\/wp\/v2\/posts\/870\/revisions"}],"wp:attachment":[{"href":"https:\/\/www.o-p-i.fr\/parlonsen\/wp-json\/wp\/v2\/media?parent=870"}],"wp:term":[{"taxonomy":"category","embeddable":true,"href":"https:\/\/www.o-p-i.fr\/parlonsen\/wp-json\/wp\/v2\/categories?post=870"},{"taxonomy":"post_tag","embeddable":true,"href":"https:\/\/www.o-p-i.fr\/parlonsen\/wp-json\/wp\/v2\/tags?post=870"}],"curies":[{"name":"wp","href":"https:\/\/api.w.org\/{rel}","templated":true}]}}