{"id":8720,"date":"2011-07-12T09:24:51","date_gmt":"2011-07-12T07:24:51","guid":{"rendered":"\/parlonsen\/?p=8720"},"modified":"2011-07-13T18:51:42","modified_gmt":"2011-07-13T16:51:42","slug":"printemps%e2%80%93automne-1211-deux-episodes-de-la-croisade-des-albigeois-a-salvagnac","status":"publish","type":"post","link":"https:\/\/www.o-p-i.fr\/parlonsen\/parlons-en\/culture\/printemps%e2%80%93automne-1211-deux-episodes-de-la-croisade-des-albigeois-a-salvagnac\/","title":{"rendered":"Printemps\u2013Automne 1211 &#8230; Deux \u00e9pisodes de la croisade des Albigeois \u00e0 Salvagnac"},"content":{"rendered":"<p style=\"text-align: justify;\"><span style=\"color: #008000;\"><strong>Un anniversaire \u2026 des animations culturelles<\/strong><\/span><\/p>\n<p><!--more--><\/p>\n<p style=\"text-align: justify;\">\n<figure id=\"attachment_8721\" aria-describedby=\"caption-attachment-8721\" style=\"width: 450px\" class=\"wp-caption alignright\"><a href=\"https:\/\/i0.wp.com\/www.o-p-i.fr\/parlonsen\/wp-content\/uploads\/affiche_anni_salvagnac.jpg?ssl=1\"><img data-recalc-dims=\"1\" loading=\"lazy\" decoding=\"async\" class=\"size-full wp-image-8721\" title=\"Salvagnac (81)\" src=\"https:\/\/i0.wp.com\/www.o-p-i.fr\/parlonsen\/wp-content\/uploads\/affiche_anni_salvagnac.jpg?resize=450%2C637&#038;ssl=1\" alt=\"Salvagnac (81)\" width=\"450\" height=\"637\" srcset=\"https:\/\/i0.wp.com\/www.o-p-i.fr\/parlonsen\/wp-content\/uploads\/affiche_anni_salvagnac.jpg?w=450&amp;ssl=1 450w, https:\/\/i0.wp.com\/www.o-p-i.fr\/parlonsen\/wp-content\/uploads\/affiche_anni_salvagnac.jpg?resize=211%2C300&amp;ssl=1 211w\" sizes=\"auto, (max-width: 450px) 100vw, 450px\" \/><\/a><figcaption id=\"caption-attachment-8721\" class=\"wp-caption-text\">Salvagnac (81)<\/figcaption><\/figure>\n<p style=\"text-align: justify;\">L\u2019ann\u00e9e 2011 marque le huit centi\u00e8me anniversaire d\u2019une suite d\u2019\u00e9v\u00e9nements qui ont m\u00eal\u00e9 notablement l\u2019histoire de Salvagnac \u00e0 celle du Languedoc. En effet, Salvagnac dont le ch\u00e2teau appartient aux comtes de Toulouse est concern\u00e9 par deux  \u00e9pisodes de la croisade engag\u00e9e depuis 1209 contre les \u00abH\u00e9r\u00e9tiques Albigeois\u00bb, d\u00e9sign\u00e9s plus tard sous l\u2019appellation de \u00abCathares\u00bb.<\/p>\n<p style=\"text-align: justify;\">Au printemps 1211, la ville sera prise par les crois\u00e9s de Simon de Montfort \u00e9paul\u00e9 par Beaudouin, fr\u00e8re de Raimond VI, qui est pass\u00e9 \u00e0 l\u2019ennemi quelques mois plus t\u00f4t. En octobre de la m\u00eame ann\u00e9e, Raimond VI reconquerra Rabastens, Montaigut, et Salvagnac, villes qui se sont soulev\u00e9es contre l\u2019occupant.<\/p>\n<p style=\"text-align: justify;\">Pour marquer le 800\u00e8me anniversaire de ces \u00e9v\u00e9nements, la municipalit\u00e9 organise entre le <strong><span style=\"color: #008000;\">Vendredi 15 et le Vendredi 22 juillet 2011 <\/span><\/strong>des manifestations culturelles avec le concours des associations Culture et Tourisme en pays Salvagnacois, et la biblioth\u00e8que municipale de Salvagnac.<\/p>\n<p style=\"text-align: justify;\"><span style=\"color: #008000;\"><strong>Le vendredi 15 juillet<\/strong><\/span> \u00e0 17h30, Jean Lauzeral, ancien Maire (1981 &#8211; 1994) et chercheur en histoire locale et r\u00e9gionale donnera une <span style=\"color: #008000;\"><strong>conf\u00e9rence sur les Comtes de Toulouse<\/strong><\/span> dont le titre est : \u00abGrandeur et fragilit\u00e9 d\u2019une puissante dynastie m\u00e9ridionale\u00bb.<\/p>\n<p style=\"text-align: justify;\">A l\u2019issue de la conf\u00e9rence, Daniel Sierra, pr\u00e9sident de l\u2019union associative Salvagnacoise, ouvrira l\u2019exposition qu\u2019il a r\u00e9alis\u00e9e sur les \u00abch\u00e2teaux Cathares en Occitanie\u00bb.  Ses photographies faites lors d\u2019un p\u00e9riple dans l\u2019Aude, pays Cathare, seront compl\u00e9t\u00e9es par des documents historiques mis \u00e0 disposition par l\u2019association culturelle du Pays Salvagnacois qui g\u00e8re la <a title=\"Cliquez pour ouvrir la fiche dans l'annuaire d'OPI\" href=\"https:\/\/www.o-p-i.fr\/aupays\/annuaire\/administrations\/bibliotheque-municipale-a-salvagnac\/\">biblioth\u00e8que municipale de Salvagnac<\/a>.<\/p>\n<p style=\"text-align: justify;\">L\u2019exposition sera ouverte jusqu\u2019au <span style=\"color: #008000;\"><strong>vendredi 22 juillet<\/strong><\/span>, date \u00e0 laquelle le P\u00e8re Jordi Passerat, professeur \u00e0 l\u2019institut catholique de Toulouse, donnera, \u00e0 17h30, une conf\u00e9rence intitul\u00e9e : \u00abUn christianisme sans croix et sans \u00e9glise. La religion des Cathares\u00bb.<\/p>\n<p style=\"text-align: justify;\">Ces trois manifestations se d\u00e9rouleront dans les salles de l\u2019espace Caraven Cachin (ex salle de billard), avenue Caraven Cachin \u00e0 Salvagnac. Elles seront un simple moment d\u2019\u00e9changes sur une page peu connue de l\u2019histoire du village qui perch\u00e9 sur les coteaux du salvagnacois, a \u00e9t\u00e9 par le pass\u00e9 le si\u00e8ge d\u2019\u00e9v\u00e9nements forts, souvent douloureux pour sa population.<\/p>\n<p style=\"text-align: justify;\">\u00ab Aimer un terroir, c\u2019est aimer son histoire \u2026 \u00bb<\/p>\n<p style=\"text-align: justify;\"><em>Communiqu\u00e9 de l\u2019association culturelle du Pays Salvagnacois <\/em><\/p>\n<p><a href=\"https:\/\/www.o-p-i.fr\/parlonsen\/agenda\/\"><strong>Retrouvez tous les \u00e9v\u00e8nements dans l&rsquo;agenda !<\/strong><\/a><\/p>\n","protected":false},"excerpt":{"rendered":"<div class=\"mh-excerpt\">Un anniversaire \u2026 des animations culturelles<\/div>\n","protected":false},"author":2,"featured_media":0,"comment_status":"open","ping_status":"open","sticky":false,"template":"","format":"standard","meta":{"om_disable_all_campaigns":false,"advanced_seo_description":"","jetpack_seo_html_title":"","jetpack_seo_noindex":false,"_jetpack_memberships_contains_paid_content":false,"footnotes":"","_links_to":"","_links_to_target":""},"categories":[1,54,25,1013],"tags":[2548,172,175,228,234,542],"class_list":{"0":"post-8720","1":"post","2":"type-post","3":"status-publish","4":"format-standard","6":"category-culture","7":"category-loisirs","8":"category-salvagnac","9":"category-n-63-juillet-2011","10":"tag-salvagnac","11":"tag-exposition","12":"tag-terroir","13":"tag-patrimoine","14":"tag-conference","15":"tag-histoire"},"jetpack_featured_media_url":"","views":{"total":0,"cached_at":"","cached_date":1738408943},"jetpack_likes_enabled":true,"jetpack_sharing_enabled":true,"jetpack_shortlink":"https:\/\/wp.me\/pg7Wxj-2gE","jetpack-related-posts":[],"_links":{"self":[{"href":"https:\/\/www.o-p-i.fr\/parlonsen\/wp-json\/wp\/v2\/posts\/8720","targetHints":{"allow":["GET"]}}],"collection":[{"href":"https:\/\/www.o-p-i.fr\/parlonsen\/wp-json\/wp\/v2\/posts"}],"about":[{"href":"https:\/\/www.o-p-i.fr\/parlonsen\/wp-json\/wp\/v2\/types\/post"}],"author":[{"embeddable":true,"href":"https:\/\/www.o-p-i.fr\/parlonsen\/wp-json\/wp\/v2\/users\/2"}],"replies":[{"embeddable":true,"href":"https:\/\/www.o-p-i.fr\/parlonsen\/wp-json\/wp\/v2\/comments?post=8720"}],"version-history":[{"count":0,"href":"https:\/\/www.o-p-i.fr\/parlonsen\/wp-json\/wp\/v2\/posts\/8720\/revisions"}],"wp:attachment":[{"href":"https:\/\/www.o-p-i.fr\/parlonsen\/wp-json\/wp\/v2\/media?parent=8720"}],"wp:term":[{"taxonomy":"category","embeddable":true,"href":"https:\/\/www.o-p-i.fr\/parlonsen\/wp-json\/wp\/v2\/categories?post=8720"},{"taxonomy":"post_tag","embeddable":true,"href":"https:\/\/www.o-p-i.fr\/parlonsen\/wp-json\/wp\/v2\/tags?post=8720"}],"curies":[{"name":"wp","href":"https:\/\/api.w.org\/{rel}","templated":true}]}}