{"id":8944,"date":"2011-08-04T16:30:43","date_gmt":"2011-08-04T14:30:43","guid":{"rendered":"\/parlonsen\/?p=8944"},"modified":"2011-08-04T16:31:58","modified_gmt":"2011-08-04T14:31:58","slug":"cest-la-fete-a-saint-etienne-de-tulmont","status":"publish","type":"post","link":"https:\/\/www.o-p-i.fr\/parlonsen\/parlons-en\/culture\/cest-la-fete-a-saint-etienne-de-tulmont\/","title":{"rendered":"C&rsquo;est la f\u00eate &#8230; \u00e0 Saint Etienne de Tulmont !"},"content":{"rendered":"<p><span style=\"color: #003366;\"><strong>Du Vendredi 5 Ao\u00fbt au Lundi 8 Ao\u00fbt 2011<\/strong><\/span>, F\u00eate votive \u00e0 Saint \u00c9tienne de Tulmont. <!--more--><\/p>\n<ul>\n<li> <span style=\"color: #003366;\"><strong>Vendredi 5 ao\u00fbt<\/strong><\/span><\/li>\n<\/ul>\n<p>En soir\u00e9e  : vari\u00e9t\u00e9s \u00ab\u00a0La Machine \u00e0 dan&rsquo;c\u00a0\u00bb<\/p>\n<ul>\n<li><span style=\"color: #003366;\"><strong>Samedi 6 ao\u00fbt<\/strong><\/span><\/li>\n<\/ul>\n<p>18h : March\u00e9 gourmand et artisanal, restauration sur place.<br \/>\nEn soir\u00e9e : Disco DJ Animation<\/p>\n<ul>\n<li><span style=\"color: #003366;\"><strong>Dimanche 7 ao\u00fbt <\/strong><\/span><\/li>\n<\/ul>\n<p>8h30 : vide greniers &#8211; brocante.<br \/>\nEn soir\u00e9e : Vari\u00e9t\u00e9s Les D&rsquo;Roll du Musette.<\/p>\n<ul>\n<li><span style=\"color: #003366;\"><strong> Lundi 8 ao\u00fbt<\/strong><\/span><\/li>\n<\/ul>\n<p>14h pr\u00e9cises : Concours amical de p\u00e9tanque ouvert \u00e0 tous.<br \/>\nEn soir\u00e9e : Bal musette avec Les Copains du musette.<br \/>\n22h30 : Feu d&rsquo;artifice musical offert par la municipalit\u00e9.<\/p>\n<p><em>Communiqu\u00e9 de Robert Linas<\/em><\/p>\n<p><a href=\"https:\/\/www.o-p-i.fr\/parlonsen\/agenda\/\"><strong>Retrouvez tous les \u00e9v\u00e8nements dans l&rsquo;agenda !<\/strong><\/a><\/p>\n","protected":false},"excerpt":{"rendered":"<div class=\"mh-excerpt\">Du Vendredi 5 Ao\u00fbt au Lundi 8 Ao\u00fbt 2011, F\u00eate votive \u00e0 Saint \u00c9tienne de Tulmont.<\/div>\n","protected":false},"author":2,"featured_media":0,"comment_status":"open","ping_status":"open","sticky":false,"template":"","format":"standard","meta":{"om_disable_all_campaigns":false,"advanced_seo_description":"","jetpack_seo_html_title":"","jetpack_seo_noindex":false,"_jetpack_memberships_contains_paid_content":false,"footnotes":"","_links_to":"","_links_to_target":""},"categories":[51,4,42,1,603,54,1019],"tags":[138,156,203,303,353,354,449,617],"class_list":{"0":"post-8944","1":"post","2":"type-post","3":"status-publish","4":"format-standard","6":"category-artisanat","7":"category-commerce","8":"category-a-cote-de-chez-nous","9":"category-culture","10":"category-vive-lete","11":"category-loisirs","12":"category-n-64-aout-2011","13":"tag-marche","14":"tag-bal","15":"tag-saint-etienne-de-tulmont","16":"tag-marche-gourmand","17":"tag-petanque","18":"tag-concours","19":"tag-brocante","20":"tag-feu-dartifice"},"jetpack_featured_media_url":"","views":{"total":0,"cached_at":"","cached_date":1738516067},"jetpack_likes_enabled":true,"jetpack_sharing_enabled":true,"jetpack_shortlink":"https:\/\/wp.me\/pg7Wxj-2kg","jetpack-related-posts":[],"_links":{"self":[{"href":"https:\/\/www.o-p-i.fr\/parlonsen\/wp-json\/wp\/v2\/posts\/8944","targetHints":{"allow":["GET"]}}],"collection":[{"href":"https:\/\/www.o-p-i.fr\/parlonsen\/wp-json\/wp\/v2\/posts"}],"about":[{"href":"https:\/\/www.o-p-i.fr\/parlonsen\/wp-json\/wp\/v2\/types\/post"}],"author":[{"embeddable":true,"href":"https:\/\/www.o-p-i.fr\/parlonsen\/wp-json\/wp\/v2\/users\/2"}],"replies":[{"embeddable":true,"href":"https:\/\/www.o-p-i.fr\/parlonsen\/wp-json\/wp\/v2\/comments?post=8944"}],"version-history":[{"count":0,"href":"https:\/\/www.o-p-i.fr\/parlonsen\/wp-json\/wp\/v2\/posts\/8944\/revisions"}],"wp:attachment":[{"href":"https:\/\/www.o-p-i.fr\/parlonsen\/wp-json\/wp\/v2\/media?parent=8944"}],"wp:term":[{"taxonomy":"category","embeddable":true,"href":"https:\/\/www.o-p-i.fr\/parlonsen\/wp-json\/wp\/v2\/categories?post=8944"},{"taxonomy":"post_tag","embeddable":true,"href":"https:\/\/www.o-p-i.fr\/parlonsen\/wp-json\/wp\/v2\/tags?post=8944"}],"curies":[{"name":"wp","href":"https:\/\/api.w.org\/{rel}","templated":true}]}}