{"id":8969,"date":"2011-08-10T17:17:56","date_gmt":"2011-08-10T15:17:56","guid":{"rendered":"\/parlonsen\/?p=8969"},"modified":"2011-08-29T12:03:36","modified_gmt":"2011-08-29T10:03:36","slug":"tauriac-cafe-%e2%80%a6-programmation-daout-2011","status":"publish","type":"post","link":"https:\/\/www.o-p-i.fr\/parlonsen\/parlons-en\/culture\/tauriac-cafe-%e2%80%a6-programmation-daout-2011\/","title":{"rendered":"Tauriac Caf\u00e9 \u2026 Programmation d&rsquo;Ao\u00fbt 2011"},"content":{"rendered":"<p style=\"text-align: justify;\">Nous avons d\u00e9cid\u00e9 en ce mois d&rsquo;ao\u00fbt de souffler un peu sur la proposition de nos groupes en live. Nous vous proposons des animations ludiques comme les ap\u00e9ros fl\u00e9chettes et ap\u00e9ros p\u00e9tanques les mercredis et jeudi d\u00e8s 18h., des soir\u00e9es musiques \u00ab\u00a0Rock et Ann\u00e9es 80\u00a0\u00bb pour danser, une soir\u00e9e \u00ab\u00a0sardinade\u00a0\u00bb dans le jardin avec Jos\u00e9 au grill, et bien s\u00fbr \u00ab\u00a0la soir\u00e9e sc\u00e8ne ouverte\u00a0\u00bb le dernier jeudi de ce mois d&rsquo;\u00e9t\u00e9.<!--more--><\/p>\n<p>Pour voir la programmation du mois d&rsquo;Aout 201, <a title=\"Ouvre le fichier PDF dans une nouvelle fen\u00eatre\" href=\"https:\/\/www.o-p-i.fr\/parlonsen\/wp-content\/uploads\/tauriac_cafe_aout2011.pdf\" target=\"_blank\">cliquez ici <\/a>!<\/p>\n<p><span style=\"color: #808000;\"><strong>Contact : <\/strong><\/span> <a title=\"Cliquez pour ouvrir la fiche dans l'annuaire d'OPI\" href=\"https:\/\/www.o-p-i.fr\/aupays\/annuaire\/bar-cafe\/tauriac-cafe\/\">Tauriac Caf\u00e9 <\/a><br \/>\nT\u00e9l. :  05 63 81 46 04.<\/p>\n<p><em>Communiqu\u00e9 de l&rsquo;\u00e9quipe du <a title=\"Cliquez pour ouvrir la fiche dans l'annuaire d'OPI\" href=\"https:\/\/www.o-p-i.fr\/aupays\/annuaire\/bar-cafe\/tauriac-cafe\/\">Tauriac Caf\u00e9 <\/a><\/em><\/p>\n<p><a href=\"https:\/\/www.o-p-i.fr\/parlonsen\/agenda\/\"><strong>Retrouvez tous les \u00e9v\u00e8nements dans l&rsquo;agenda !<\/strong><\/a><\/p>\n","protected":false},"excerpt":{"rendered":"<div class=\"mh-excerpt\">Nous avons d\u00e9cid\u00e9 en ce mois d&rsquo;ao\u00fbt de souffler un peu sur la proposition de nos groupes en live. Nous vous proposons des animations ludiques comme les ap\u00e9ros fl\u00e9chettes et ap\u00e9ros p\u00e9tanques les mercredis et <a class=\"mh-excerpt-more\" href=\"https:\/\/www.o-p-i.fr\/parlonsen\/parlons-en\/culture\/tauriac-cafe-%e2%80%a6-programmation-daout-2011\/\" title=\"Tauriac Caf\u00e9 \u2026 Programmation d&rsquo;Ao\u00fbt 2011\">[&#8230;]<\/a><\/div>\n","protected":false},"author":2,"featured_media":0,"comment_status":"open","ping_status":"open","sticky":false,"template":"","format":"standard","meta":{"om_disable_all_campaigns":false,"advanced_seo_description":"","jetpack_seo_html_title":"","jetpack_seo_noindex":false,"_jetpack_memberships_contains_paid_content":false,"footnotes":"","_links_to":"","_links_to_target":""},"categories":[1,603,54,6,21,1019],"tags":[353,2561,567,583,605,1033,43,2546],"class_list":{"0":"post-8969","1":"post","2":"type-post","3":"status-publish","4":"format-standard","6":"category-culture","7":"category-vive-lete","8":"category-loisirs","9":"category-pratique","10":"category-tauriac","11":"category-n-64-aout-2011","12":"tag-petanque","13":"tag-loisirs","14":"tag-apero","15":"tag-tauriac-cafe","16":"tag-sardinade","17":"tag-flechettes","18":"tag-concert","19":"tag-tauriac"},"jetpack_featured_media_url":"","views":{"total":0,"cached_at":"","cached_date":1738516163},"jetpack_likes_enabled":true,"jetpack_sharing_enabled":true,"jetpack_shortlink":"https:\/\/wp.me\/pg7Wxj-2kF","jetpack-related-posts":[],"_links":{"self":[{"href":"https:\/\/www.o-p-i.fr\/parlonsen\/wp-json\/wp\/v2\/posts\/8969","targetHints":{"allow":["GET"]}}],"collection":[{"href":"https:\/\/www.o-p-i.fr\/parlonsen\/wp-json\/wp\/v2\/posts"}],"about":[{"href":"https:\/\/www.o-p-i.fr\/parlonsen\/wp-json\/wp\/v2\/types\/post"}],"author":[{"embeddable":true,"href":"https:\/\/www.o-p-i.fr\/parlonsen\/wp-json\/wp\/v2\/users\/2"}],"replies":[{"embeddable":true,"href":"https:\/\/www.o-p-i.fr\/parlonsen\/wp-json\/wp\/v2\/comments?post=8969"}],"version-history":[{"count":0,"href":"https:\/\/www.o-p-i.fr\/parlonsen\/wp-json\/wp\/v2\/posts\/8969\/revisions"}],"wp:attachment":[{"href":"https:\/\/www.o-p-i.fr\/parlonsen\/wp-json\/wp\/v2\/media?parent=8969"}],"wp:term":[{"taxonomy":"category","embeddable":true,"href":"https:\/\/www.o-p-i.fr\/parlonsen\/wp-json\/wp\/v2\/categories?post=8969"},{"taxonomy":"post_tag","embeddable":true,"href":"https:\/\/www.o-p-i.fr\/parlonsen\/wp-json\/wp\/v2\/tags?post=8969"}],"curies":[{"name":"wp","href":"https:\/\/api.w.org\/{rel}","templated":true}]}}