{"id":8995,"date":"2011-08-16T10:56:30","date_gmt":"2011-08-16T08:56:30","guid":{"rendered":"\/parlonsen\/?p=8995"},"modified":"2011-08-16T10:56:30","modified_gmt":"2011-08-16T08:56:30","slug":"operation-cueill-ta-pom-a-saint-nauphary","status":"publish","type":"post","link":"https:\/\/www.o-p-i.fr\/parlonsen\/parlons-en\/agriculture\/operation-cueill-ta-pom-a-saint-nauphary\/","title":{"rendered":"Op\u00e9ration Cueill ta Pom&rsquo; &#8230; \u00e0 Saint-Nauphary"},"content":{"rendered":"<p style=\"text-align: justify;\">Comme tous les ans, \u00e0 l&rsquo;approche de la fin de l&rsquo;\u00e9t\u00e9, les pommes commencent \u00e0 changer. C&rsquo;est avec un peu d&rsquo;avance cette ann\u00e9e que vous pourrez les cueillir selon votre go\u00fbt.<span style=\"color: #003300;\"><strong> Samedi 20 et Dimanche 21 Ao\u00fbt 2011<\/strong><\/span> aura lieu l&rsquo;op\u00e9ration \u00ab\u00a0Cueill ta Pom&rsquo; \u00a0\u00bb \u00e0 Saint Nauphary dans les vergers de Marie-Claire et Jean BERTRAND. <!--more--><\/p>\n<p style=\"text-align: justify;\">\n<figure id=\"attachment_8996\" aria-describedby=\"caption-attachment-8996\" style=\"width: 500px\" class=\"wp-caption alignright\"><a href=\"https:\/\/i0.wp.com\/www.o-p-i.fr\/parlonsen\/wp-content\/uploads\/cueiltapom.jpg?ssl=1\"><img data-recalc-dims=\"1\" loading=\"lazy\" decoding=\"async\" class=\"size-full wp-image-8996\" title=\"Saint-Nauphary (82)\" src=\"https:\/\/i0.wp.com\/www.o-p-i.fr\/parlonsen\/wp-content\/uploads\/cueiltapom.jpg?resize=500%2C375&#038;ssl=1\" alt=\"Saint-Nauphary (82)\" width=\"500\" height=\"375\" srcset=\"https:\/\/i0.wp.com\/www.o-p-i.fr\/parlonsen\/wp-content\/uploads\/cueiltapom.jpg?w=500&amp;ssl=1 500w, https:\/\/i0.wp.com\/www.o-p-i.fr\/parlonsen\/wp-content\/uploads\/cueiltapom.jpg?resize=300%2C225&amp;ssl=1 300w\" sizes=\"auto, (max-width: 500px) 100vw, 500px\" \/><\/a><figcaption id=\"caption-attachment-8996\" class=\"wp-caption-text\">Saint-Nauphary (82)<\/figcaption><\/figure>\n<p style=\"text-align: justify;\">La pomme Galaxy attends d&rsquo;\u00eatre cueillie pour satisfaire vos desserts mais aussi pour \u00eatre croqu\u00e9e au go\u00fbter des petits et des grands.<\/p>\n<p style=\"text-align: justify;\">Tout en vous promenant en famille ou entre amis, dans les all\u00e9es du verger, vous choisirez celles que vous pr\u00e9f\u00e9rez.<\/p>\n<p>L&rsquo;itin\u00e9raire sera fl\u00e9ch\u00e9 \u00e0 partir du village de Saint Nauphary.<\/p>\n<p>Pour la cueillette pensez \u00e0 vos emballages.<\/p>\n<p>Pr\u00e9sence assur\u00e9e de 8h \u00e0 19h.<\/p>\n<p><span style=\"color: #003300;\"><strong>Contact : <\/strong><\/span>Marie-Claire et Jean Bertrand<br \/>\nT\u00e9l. : 05 63 67 84 60<\/p>\n<p><em>Communiqu\u00e9 de\u00a0 Marie-Claire et Jean Bertrand<\/em><\/p>\n<p><a href=\"https:\/\/www.o-p-i.fr\/parlonsen\/agenda\/\"><strong>Retrouvez tous les \u00e9v\u00e8nements dans l&rsquo;agenda !<\/strong><\/a><\/p>\n","protected":false},"excerpt":{"rendered":"<div class=\"mh-excerpt\">Comme tous les ans, \u00e0 l&rsquo;approche de la fin de l&rsquo;\u00e9t\u00e9, les pommes commencent \u00e0 changer. C&rsquo;est avec un peu d&rsquo;avance cette ann\u00e9e que vous pourrez les cueillir selon votre go\u00fbt. Samedi 20 et Dimanche <a class=\"mh-excerpt-more\" href=\"https:\/\/www.o-p-i.fr\/parlonsen\/parlons-en\/agriculture\/operation-cueill-ta-pom-a-saint-nauphary\/\" title=\"Op\u00e9ration Cueill ta Pom&rsquo; &#8230; \u00e0 Saint-Nauphary\">[&#8230;]<\/a><\/div>\n","protected":false},"author":2,"featured_media":0,"comment_status":"open","ping_status":"open","sticky":false,"template":"","format":"standard","meta":{"om_disable_all_campaigns":false,"advanced_seo_description":"","jetpack_seo_html_title":"","jetpack_seo_noindex":false,"_jetpack_memberships_contains_paid_content":false,"footnotes":"","_links_to":"","_links_to_target":""},"categories":[3,4,603,54,6,17,1019],"tags":[74,2542,75,652],"class_list":{"0":"post-8995","1":"post","2":"type-post","3":"status-publish","4":"format-standard","6":"category-agriculture","7":"category-commerce","8":"category-vive-lete","9":"category-loisirs","10":"category-pratique","11":"category-saint_nauphary","12":"category-n-64-aout-2011","13":"tag-cueill-ta-pom","14":"tag-saint_nauphary","15":"tag-pommes","16":"tag-cueillette"},"jetpack_featured_media_url":"","views":{"total":0,"cached_at":"","cached_date":1738471907},"jetpack_likes_enabled":true,"jetpack_sharing_enabled":true,"jetpack_shortlink":"https:\/\/wp.me\/pg7Wxj-2l5","jetpack-related-posts":[],"_links":{"self":[{"href":"https:\/\/www.o-p-i.fr\/parlonsen\/wp-json\/wp\/v2\/posts\/8995","targetHints":{"allow":["GET"]}}],"collection":[{"href":"https:\/\/www.o-p-i.fr\/parlonsen\/wp-json\/wp\/v2\/posts"}],"about":[{"href":"https:\/\/www.o-p-i.fr\/parlonsen\/wp-json\/wp\/v2\/types\/post"}],"author":[{"embeddable":true,"href":"https:\/\/www.o-p-i.fr\/parlonsen\/wp-json\/wp\/v2\/users\/2"}],"replies":[{"embeddable":true,"href":"https:\/\/www.o-p-i.fr\/parlonsen\/wp-json\/wp\/v2\/comments?post=8995"}],"version-history":[{"count":0,"href":"https:\/\/www.o-p-i.fr\/parlonsen\/wp-json\/wp\/v2\/posts\/8995\/revisions"}],"wp:attachment":[{"href":"https:\/\/www.o-p-i.fr\/parlonsen\/wp-json\/wp\/v2\/media?parent=8995"}],"wp:term":[{"taxonomy":"category","embeddable":true,"href":"https:\/\/www.o-p-i.fr\/parlonsen\/wp-json\/wp\/v2\/categories?post=8995"},{"taxonomy":"post_tag","embeddable":true,"href":"https:\/\/www.o-p-i.fr\/parlonsen\/wp-json\/wp\/v2\/tags?post=8995"}],"curies":[{"name":"wp","href":"https:\/\/api.w.org\/{rel}","templated":true}]}}