{"id":9051,"date":"2011-08-18T15:37:27","date_gmt":"2011-08-18T13:37:27","guid":{"rendered":"\/parlonsen\/?p=9051"},"modified":"2025-11-10T20:58:06","modified_gmt":"2025-11-10T19:58:06","slug":"fetes-generales-a-beauvais-sur-tescou","status":"publish","type":"post","link":"https:\/\/www.o-p-i.fr\/parlonsen\/localisation\/au-pays-des-tescous\/beauvais-sur-tescou\/fetes-generales-a-beauvais-sur-tescou\/","title":{"rendered":"F\u00eates G\u00e9n\u00e9rales &#8230; \u00e0 Beauvais sur Tescou"},"content":{"rendered":"<p><span style=\"color: #003300;\"><strong>Le Comit\u00e9 des F\u00eates de Beauvais sur Tescou<\/strong><\/span> organise la f\u00eate du village les <span style=\"color: #003300;\"><strong>Vendredi 26, Samedi 27 et Dimanche 28 Ao\u00fbt 2011<\/strong><\/span>.<!--more--><\/p>\n<p><a href=\"https:\/\/i0.wp.com\/www.o-p-i.fr\/parlonsen\/wp-content\/uploads\/beauvais-2011.jpg?ssl=1\"><img data-recalc-dims=\"1\" loading=\"lazy\" decoding=\"async\" class=\"size-full wp-image-9052\" title=\"Beauvais sur Tescou (81)\" src=\"https:\/\/i0.wp.com\/www.o-p-i.fr\/parlonsen\/wp-content\/uploads\/beauvais-2011.jpg?resize=400%2C540&#038;ssl=1\" alt=\"Beauvais sur Tescou (81)\" width=\"400\" height=\"540\" srcset=\"https:\/\/i0.wp.com\/www.o-p-i.fr\/parlonsen\/wp-content\/uploads\/beauvais-2011.jpg?w=400&amp;ssl=1 400w, https:\/\/i0.wp.com\/www.o-p-i.fr\/parlonsen\/wp-content\/uploads\/beauvais-2011.jpg?resize=222%2C300&amp;ssl=1 222w\" sizes=\"auto, (max-width: 400px) 100vw, 400px\" \/><\/a><\/p>\n<ul>\n<li><span style=\"color: #003300;\"><strong>Vendredi 26 Ao\u00fbt 2011<\/strong><\/span><\/li>\n<\/ul>\n<p><span style=\"color: #003300;\">20h : Balade au clair de lune<\/span> et Soupe \u00e0 l&rsquo;oignon<\/p>\n<p><span style=\"color: #003300;\">22h : Soir\u00e9e Dansante <\/span>avec Patrick et Dany<\/p>\n<ul>\n<li><span style=\"color: #003300;\"><strong>Samedi 27 Ao\u00fbt 2011<\/strong><\/span><\/li>\n<\/ul>\n<p><span style=\"color: #003300;\">14h30 : Concours Amical de P\u00e9tanque<\/span> en doublette<\/p>\n<p><span style=\"color: #003300;\">21 h : Repas au Village<\/span><\/p>\n<p>Salade Compos\u00e9e<br \/>\nGrillades\u00a0 &amp; Flageolets<br \/>\nFromage<br \/>\nTarte aux Pommes<br \/>\nVin &amp; Caf\u00e9<\/p>\n<p><span style=\"color: #003300;\">Tarifs : <\/span><br \/>\nAdulte : 13 \u20ac<br \/>\nEnfant &#8211; de 10 ans : 6 \u20ac<br \/>\nEnfant &#8211; de 5 ans : Gratuit<\/p>\n<p>Pensez \u00e0 apporter vos couverts et assiettes !<\/p>\n<p><span style=\"color: #003300;\">Inscriptions <\/span>avant le 24 Ao\u00fbt 2011<br \/>\nT\u00e9l. : 05 63 40 50 50 ou 05 63 40 51 84<\/p>\n<p><span style=\"color: #003300;\">22h30 : Pronight<\/span> anime votre soir\u00e9e<\/p>\n<ul>\n<li><span style=\"color: #003300;\"><strong>Dimanche 28 Ao\u00fbt 2011<\/strong><\/span><\/li>\n<\/ul>\n<p><span style=\"color: #003300;\">10h : Parcours VTT <span style=\"color: #000000;\">ouvert \u00e0 tous<\/span><\/span><\/p>\n<p><span style=\"color: #003300;\"><span style=\"color: #000000;\">Renseignements :<br \/>\nT\u00e9l. : 06 33 23 70 67<\/span><\/span><\/p>\n<p><span style=\"color: #003300;\"><span style=\"color: #000000;\"><span style=\"color: #003300;\">10h : Messe<\/span> \u00e0 Beauvais sur Tescou<\/span><\/span><\/p>\n<p><span style=\"color: #003300;\"><span style=\"color: #000000;\"><span style=\"color: #003300;\">11h30 : Ap\u00e9ritif<\/span> offert par la Mairie et d\u00e9fil\u00e9 des <a title=\"Cliquez pour ouvrir la fiche dans l'annuaire d'OPI\" href=\"https:\/\/www.o-p-i.fr\/aupays\/annuaire\/loisirs\/les-emeraudes-du-pays-salvagnacois\/\">\u00c9meraudes du Pays Salvagnacois<\/a><\/span><\/span><\/p>\n<p><span style=\"color: #003300;\"><span style=\"color: #000000;\"><span style=\"color: #003300;\">14h \u00e0 18h : Balade \u00e0 Poney<\/span><br \/>\nTarif : 2\u20ac<\/span><\/span><\/p>\n<p><span style=\"color: #003300;\"><span style=\"color: #000000;\"><span style=\"color: #003300;\">14h30 : Concours<\/span> amical de p\u00e9tanque en triplette<\/span><\/span><\/p>\n<p><span style=\"color: #003300;\">19h : Ap\u00e9ro Grillades<\/span><\/p>\n<p><span style=\"color: #003300;\"><span style=\"color: #000000;\"><span style=\"color: #003300;\">21h30 : D\u00e9fil\u00e9 nocturne<\/span> des<\/span><\/span><span style=\"color: #003300;\"><span style=\"color: #000000;\"> <a title=\"Cliquez pour ouvrir la fiche dans l'annuaire d'OPI\" href=\"https:\/\/www.o-p-i.fr\/aupays\/annuaire\/loisirs\/les-emeraudes-du-pays-salvagnacois\/\">\u00c9meraudes du Pays Salvagnacois<\/a><\/span><\/span><\/p>\n<p><span style=\"color: #003300;\"><span style=\"color: #000000;\"><span style=\"color: #003300;\">22h : Grand Feu d&rsquo;Artifice<\/span><\/span><\/span><\/p>\n<p><span style=\"color: #003300;\"><span style=\"color: #000000;\"><span style=\"color: #003300;\"><em><span style=\"color: #000000;\">Source : Tract de l&rsquo;association<\/span><\/em><\/span><\/span><\/span><\/p>\n<p><a href=\"https:\/\/www.o-p-i.fr\/parlonsen\/agenda\/\"><strong>Retrouvez tous les \u00e9v\u00e8nements dans l&rsquo;agenda !<\/strong><\/a><\/p>\n","protected":false},"excerpt":{"rendered":"<div class=\"mh-excerpt\">Le Comit\u00e9 des F\u00eates de Beauvais sur Tescou organise la f\u00eate du village les Vendredi 26, Samedi 27 et Dimanche 28 Ao\u00fbt 2011.<\/div>\n","protected":false},"author":2,"featured_media":0,"comment_status":"open","ping_status":"open","sticky":false,"template":"","format":"standard","meta":{"om_disable_all_campaigns":false,"advanced_seo_description":"","jetpack_seo_html_title":"","jetpack_seo_noindex":false,"_jetpack_memberships_contains_paid_content":false,"footnotes":"","_links_to":"","_links_to_target":""},"categories":[28,603,54,53,1019],"tags":[1036,1037,56,156,157,224,353,354,567,617,779,1035],"class_list":{"0":"post-9051","1":"post","2":"type-post","3":"status-publish","4":"format-standard","6":"category-beauvais-sur-tescou","7":"category-vive-lete","8":"category-loisirs","9":"category-sports","10":"category-n-64-aout-2011","11":"tag-defile","12":"tag-parcours-vtt","13":"tag-fete","14":"tag-bal","15":"tag-repas","16":"tag-majorette","17":"tag-petanque","18":"tag-concours","19":"tag-apero","20":"tag-feu-dartifice","21":"tag-messe","22":"tag-balade"},"jetpack_featured_media_url":"","views":{"total":0,"cached_at":"","cached_date":1738418590},"jetpack_likes_enabled":true,"jetpack_sharing_enabled":true,"jetpack_shortlink":"https:\/\/wp.me\/pg7Wxj-2lZ","jetpack-related-posts":[],"_links":{"self":[{"href":"https:\/\/www.o-p-i.fr\/parlonsen\/wp-json\/wp\/v2\/posts\/9051","targetHints":{"allow":["GET"]}}],"collection":[{"href":"https:\/\/www.o-p-i.fr\/parlonsen\/wp-json\/wp\/v2\/posts"}],"about":[{"href":"https:\/\/www.o-p-i.fr\/parlonsen\/wp-json\/wp\/v2\/types\/post"}],"author":[{"embeddable":true,"href":"https:\/\/www.o-p-i.fr\/parlonsen\/wp-json\/wp\/v2\/users\/2"}],"replies":[{"embeddable":true,"href":"https:\/\/www.o-p-i.fr\/parlonsen\/wp-json\/wp\/v2\/comments?post=9051"}],"version-history":[{"count":1,"href":"https:\/\/www.o-p-i.fr\/parlonsen\/wp-json\/wp\/v2\/posts\/9051\/revisions"}],"predecessor-version":[{"id":67433,"href":"https:\/\/www.o-p-i.fr\/parlonsen\/wp-json\/wp\/v2\/posts\/9051\/revisions\/67433"}],"wp:attachment":[{"href":"https:\/\/www.o-p-i.fr\/parlonsen\/wp-json\/wp\/v2\/media?parent=9051"}],"wp:term":[{"taxonomy":"category","embeddable":true,"href":"https:\/\/www.o-p-i.fr\/parlonsen\/wp-json\/wp\/v2\/categories?post=9051"},{"taxonomy":"post_tag","embeddable":true,"href":"https:\/\/www.o-p-i.fr\/parlonsen\/wp-json\/wp\/v2\/tags?post=9051"}],"curies":[{"name":"wp","href":"https:\/\/api.w.org\/{rel}","templated":true}]}}