{"id":9130,"date":"2011-08-30T11:25:54","date_gmt":"2011-08-30T09:25:54","guid":{"rendered":"\/parlonsen\/?p=9130"},"modified":"2011-08-30T12:26:28","modified_gmt":"2011-08-30T10:26:28","slug":"parcoeurs-a-l%e2%80%99ecoute-de-l%e2%80%99etre-%e2%80%a6-programme-septembre-2011","status":"publish","type":"post","link":"https:\/\/www.o-p-i.fr\/parlonsen\/parlons-en\/pratique\/parcoeurs-a-l%e2%80%99ecoute-de-l%e2%80%99etre-%e2%80%a6-programme-septembre-2011\/","title":{"rendered":"Parcoeurs, \u00e0 l\u2019\u00e9coute de l\u2019\u00eatre \u2026 Programme Septembre 2011"},"content":{"rendered":"<p style=\"text-align: justify;\">Nous voil\u00e0 d\u00e9j\u00e0 en septembre pour la reprise de nos activit\u00e9s. Nous esp\u00e9rons que le soleil de cet \u00e9t\u00e9 a permis de recharger vos batteries. L&rsquo;\u00e9t\u00e9 n&rsquo;est pas encore fini, nous vous donnons rendez-vous pour des balades sous le signe de la joie et pour les ateliers <!--more-->dont vous trouverez les dates dans le calendrier ci-dessous.<\/p>\n<p><a title=\"Cliquez pour ouvrir la fiche dans l'annuaire d'OPI\" href=\"https:\/\/www.o-p-i.fr\/aupays\/vie-des-communes\/a-cote-de-chez-nous\/parcoeurs\/\">PARC\u0152URS<\/a> vous propose en ce mois de septembre<\/p>\n<ul>\n<li><span style=\"color: #800080;\"><strong>LES INFOS DU MOIS<\/strong><\/span><\/li>\n<\/ul>\n<p>\u00a4 Si vous voulez attirer l\u2019abondance faites le ch\u00e8que ABONDANCE le 26\/09<\/p>\n<ul>\n<li><span style=\"color: #800080;\"><strong>LE TRUC DU MOIS<\/strong><\/span><\/li>\n<\/ul>\n<p>\u00a4 Pour \u00e9viter les traces noires contre les murs, coller du scotch derri\u00e8re les meubles et le cadre des tableaux.<\/p>\n<ul>\n<li><span style=\"color: #800080;\"><strong>ID\u00c9E<\/strong><strong> CADEAU<\/strong><\/span> \u00e0 40 \u20ac :<\/li>\n<\/ul>\n<p>Une s\u00e9ance Reiki propos\u00e9e par Myriam ou une lecture et soin de vie offerte par Dolores<\/p>\n<ul>\n<li><span style=\"color: #800080;\"><strong>B<\/strong><strong>ALADE M\u00c9DITATIVE<\/strong><\/span> le dimanche 18\/09<\/li>\n<\/ul>\n<p>Le lieu n\u2019ayant pas encore \u00e9t\u00e9 choisi, nous vous en informerons en temps voulu<\/p>\n<ul>\n<li><span style=\"color: #800080;\"><strong>DOLORES<\/strong><\/span> vous propose 2 contre escarpe Ste Barbe \u00e0 Lisle\/Tarn<\/li>\n<\/ul>\n<p>* SOPHROLOGIE CAYCEDIENNE  groupe avanc\u00e9 tous les jeudis de 10h30 \u00e0 12h. Prix : 5 \u20ac<br \/>\nReprise le 1\/09<br \/>\n* ATELIER SELF \u2013LIFTING  de10h30 \u00e012h le 12\/09. Prix : 5 \u20ac<br \/>\n* M\u00c9DITATION DE PLEINE LUNE \u00e0 20h30 le 12\/09<\/p>\n<ul>\n<li><span style=\"color: #800080;\"><strong>MYRIAM <\/strong><\/span>vous propose 1 rue du Fumarel, \u00e0 Rabastens<\/li>\n<\/ul>\n<p>* ATELIER ALIMENTATION VEGETARIENNE un samedi par mois de 9h30 \u00e0 14h30. Prix : 18 \u20ac<br \/>\n1er th\u00e8me : Pourquoi le v\u00e9g\u00e9tarisme ? Le 17\/09<br \/>\n* M\u00c9DITATION de 14h30 \u00e0 17h un vendredi par mois : le 23\/09<br \/>\n* APPROFONDISSEMENT REIKI le 9\/09 \u00e0 16h. Prix : 20 \u20ac<br \/>\nOuvert \u00e0 toute personne initi\u00e9e par un autre enseignant<\/p>\n<blockquote><p>*Nous rappelons que TOUTES les activit\u00e9s, stages et consultations propos\u00e9s par Parc\u0153urs<br \/>\nsont ouverts aux adh\u00e9rents du SEL moyennant l\u2019adh\u00e9sion de 15\u20ac \/ an par personne  et 20\u20ac par famille (en euros ou en sel)<\/p><\/blockquote>\n<p><span style=\"color: #800080;\"><strong>Contact : <\/strong><\/span><a title=\"Cliquez pour ouvrir la fiche dans l'annuaire d'OPI\" href=\"https:\/\/www.o-p-i.fr\/aupays\/vie-des-communes\/a-cote-de-chez-nous\/parcoeurs\/\">Association Parc\u0153urs<\/a><em><br \/>\n<\/em><\/p>\n<p><em>Communiqu\u00e9 de Myriam et Dolores<\/em><\/p>\n","protected":false},"excerpt":{"rendered":"<div class=\"mh-excerpt\">Nous voil\u00e0 d\u00e9j\u00e0 en septembre pour la reprise de nos activit\u00e9s. Nous esp\u00e9rons que le soleil de cet \u00e9t\u00e9 a permis de recharger vos batteries. L&rsquo;\u00e9t\u00e9 n&rsquo;est pas encore fini, nous vous donnons rendez-vous pour <a class=\"mh-excerpt-more\" href=\"https:\/\/www.o-p-i.fr\/parlonsen\/parlons-en\/pratique\/parcoeurs-a-l%e2%80%99ecoute-de-l%e2%80%99etre-%e2%80%a6-programme-septembre-2011\/\" title=\"Parcoeurs, \u00e0 l\u2019\u00e9coute de l\u2019\u00eatre \u2026 Programme Septembre 2011\">[&#8230;]<\/a><\/div>\n","protected":false},"author":2,"featured_media":0,"comment_status":"open","ping_status":"open","sticky":false,"template":"","format":"standard","meta":{"om_disable_all_campaigns":false,"advanced_seo_description":"","jetpack_seo_html_title":"","jetpack_seo_noindex":false,"_jetpack_memberships_contains_paid_content":false,"footnotes":"","_links_to":"","_links_to_target":""},"categories":[42,54,58,648,6,1019],"tags":[923,957,72,77,89,180,815],"class_list":{"0":"post-9130","1":"post","2":"type-post","3":"status-publish","4":"format-standard","6":"category-a-cote-de-chez-nous","7":"category-loisirs","8":"category-sante","9":"category-cest-la-rentree","10":"category-pratique","11":"category-n-64-aout-2011","12":"tag-reiki","13":"tag-meditation","14":"tag-rabastens","15":"tag-lisle-sur-tarn","16":"tag-bien-etre","17":"tag-atelier","18":"tag-parcoeurs"},"jetpack_featured_media_url":"","views":{"total":0,"cached_at":"","cached_date":1738492175},"jetpack_likes_enabled":true,"jetpack_sharing_enabled":true,"jetpack_shortlink":"https:\/\/wp.me\/pg7Wxj-2ng","jetpack-related-posts":[],"_links":{"self":[{"href":"https:\/\/www.o-p-i.fr\/parlonsen\/wp-json\/wp\/v2\/posts\/9130","targetHints":{"allow":["GET"]}}],"collection":[{"href":"https:\/\/www.o-p-i.fr\/parlonsen\/wp-json\/wp\/v2\/posts"}],"about":[{"href":"https:\/\/www.o-p-i.fr\/parlonsen\/wp-json\/wp\/v2\/types\/post"}],"author":[{"embeddable":true,"href":"https:\/\/www.o-p-i.fr\/parlonsen\/wp-json\/wp\/v2\/users\/2"}],"replies":[{"embeddable":true,"href":"https:\/\/www.o-p-i.fr\/parlonsen\/wp-json\/wp\/v2\/comments?post=9130"}],"version-history":[{"count":0,"href":"https:\/\/www.o-p-i.fr\/parlonsen\/wp-json\/wp\/v2\/posts\/9130\/revisions"}],"wp:attachment":[{"href":"https:\/\/www.o-p-i.fr\/parlonsen\/wp-json\/wp\/v2\/media?parent=9130"}],"wp:term":[{"taxonomy":"category","embeddable":true,"href":"https:\/\/www.o-p-i.fr\/parlonsen\/wp-json\/wp\/v2\/categories?post=9130"},{"taxonomy":"post_tag","embeddable":true,"href":"https:\/\/www.o-p-i.fr\/parlonsen\/wp-json\/wp\/v2\/tags?post=9130"}],"curies":[{"name":"wp","href":"https:\/\/api.w.org\/{rel}","templated":true}]}}