{"id":9159,"date":"2011-08-30T18:10:32","date_gmt":"2011-08-30T16:10:32","guid":{"rendered":"\/parlonsen\/?p=9159"},"modified":"2011-08-30T18:16:51","modified_gmt":"2011-08-30T16:16:51","slug":"succes-confirme-pour-le-salon-du-livre-et-bourse-toutes-collections-a-monclar-de-quercy","status":"publish","type":"post","link":"https:\/\/www.o-p-i.fr\/parlonsen\/parlons-en\/culture\/succes-confirme-pour-le-salon-du-livre-et-bourse-toutes-collections-a-monclar-de-quercy\/","title":{"rendered":"Succ\u00e8s confirm\u00e9 pour le salon du livre et bourse toutes collections &#8230; \u00e0 Monclar de Quercy"},"content":{"rendered":"<p><span style=\"color: #003366;\"><strong>Dimanche 28 Aout dernier<\/strong><\/span>, la grande salle du lac accueillait la 8i\u00e8me \u00e9dition du <span style=\"color: #003366;\"><strong>salon du livre et bourse toutes collections <\/strong><\/span>organis\u00e9 par l&rsquo;Office de Tourisme.<!--more--><\/p>\n<ul>\n<li><span style=\"color: #003366;\"><strong>SALON DU LIVRE :<\/strong><\/span><\/li>\n<\/ul>\n<p style=\"text-align: justify;\">Pr\u00e8s de 40 auteurs \u00e9taient venus pr\u00e9senter leurs cr\u00e9ations. Du livre jeunesse avec Val\u00e9rie Blach\u00e8re, Catherine Polv\u00e9  et Marie-Jos\u00e9 S\u00e9gura, en passant par la BD avec Fr\u00e9d\u00e9ric M\u00e9drano, les romans historiques avec Jean-Paul Escalettes  et  Luc Corlou\u00ebr, autobiographiques ou de terroir, un guide d&rsquo;identification des orchid\u00e9es de Midi-Pyr\u00e9n\u00e9es avec Nicolas Duivon, la po\u00e9sie avec Colette Elissalde et, en  langue occitane,  Nadal Rey, alerte centenaire,  vient de publier le tome 1 d&rsquo;Esclarida &#8211; po\u00e8mes occitans avec traduction fran\u00e7aise &#8211; aux \u00e9ditions Ixcea.<br \/>\nLes nombreux visiteurs ont pu rencontrer les auteurs qui leur ont fait part de leur passion. Une rencontre toujours positive pour les uns et les autres. Dans son intervention Jakie Durrieu Malet, marraine du salon a souhait\u00e9 que l&rsquo;on mette en valeur cette culture de proximit\u00e9.<\/p>\n<p style=\"text-align: center;\"><span style=\"color: #800000;\">*** Retrouvez sur le site <a title=\"Ouvre le site dans une nouvelle fen\u00eatre\" href=\"www.o-p-i.fr\/7alire\" target=\"_blank\">7 \u00e0 lire !<\/a> la pr\u00e9sentation de plus de 80 auteurs et de leurs ouvrages.***<br \/>\n<a title=\"Ouvre le site dans une nouvelle fen\u00eatre\" href=\"https:\/\/www.o-p-i.fr\/7alire\/\" target=\"_blank\">https:\/\/www.o-p-i.fr\/7alire\/<\/a><br \/>\n<\/span><\/p>\n<figure id=\"attachment_9160\" aria-describedby=\"caption-attachment-9160\" style=\"width: 700px\" class=\"wp-caption aligncenter\"><a href=\"https:\/\/i0.wp.com\/www.o-p-i.fr\/parlonsen\/wp-content\/uploads\/monclar_salon2011.jpg?ssl=1\"><img data-recalc-dims=\"1\" loading=\"lazy\" decoding=\"async\" class=\"size-full wp-image-9160\" title=\"Salon du Livre - Monclar de Quercy - \u00c9dition 2011\" src=\"https:\/\/i0.wp.com\/www.o-p-i.fr\/parlonsen\/wp-content\/uploads\/monclar_salon2011.jpg?resize=700%2C393&#038;ssl=1\" alt=\"Salon du Livre - Monclar de Quercy - \u00c9dition 2011\" width=\"700\" height=\"393\" srcset=\"https:\/\/i0.wp.com\/www.o-p-i.fr\/parlonsen\/wp-content\/uploads\/monclar_salon2011.jpg?w=700&amp;ssl=1 700w, https:\/\/i0.wp.com\/www.o-p-i.fr\/parlonsen\/wp-content\/uploads\/monclar_salon2011.jpg?resize=300%2C168&amp;ssl=1 300w\" sizes=\"auto, (max-width: 700px) 100vw, 700px\" \/><\/a><figcaption id=\"caption-attachment-9160\" class=\"wp-caption-text\">Salon du Livre - Monclar de Quercy - \u00c9dition 2011<\/figcaption><\/figure>\n<ul>\n<li><span style=\"color: #003366;\"><strong>BOURSE TOUTES COLLECTIONS :<\/strong><\/span><\/li>\n<\/ul>\n<p style=\"text-align: justify;\">Numismatique, cartes postales anciennes, BD,  voitures miniatures, philat\u00e9lie, capsules de champagne, f\u00e8ves, disques vinyles, livres anciens et vieux papiers&#8230; Les collectionneurs, venus parfois de fort loin, ont pu rechercher l&rsquo;objet qui leur manquait pour compl\u00e9ter leur collection.<\/p>\n<figure id=\"attachment_9161\" aria-describedby=\"caption-attachment-9161\" style=\"width: 700px\" class=\"wp-caption aligncenter\"><a href=\"https:\/\/i0.wp.com\/www.o-p-i.fr\/parlonsen\/wp-content\/uploads\/monclar_collection2011.jpg?ssl=1\"><img data-recalc-dims=\"1\" loading=\"lazy\" decoding=\"async\" class=\"size-full wp-image-9161\" title=\"Bourse Toutes Collections - Monclar de Quercy - \u00c9dition 2011\" src=\"https:\/\/i0.wp.com\/www.o-p-i.fr\/parlonsen\/wp-content\/uploads\/monclar_collection2011.jpg?resize=700%2C383&#038;ssl=1\" alt=\"Bourse Toutes Collections - Monclar de Quercy - \u00c9dition 2011\" width=\"700\" height=\"383\" srcset=\"https:\/\/i0.wp.com\/www.o-p-i.fr\/parlonsen\/wp-content\/uploads\/monclar_collection2011.jpg?w=700&amp;ssl=1 700w, https:\/\/i0.wp.com\/www.o-p-i.fr\/parlonsen\/wp-content\/uploads\/monclar_collection2011.jpg?resize=300%2C164&amp;ssl=1 300w\" sizes=\"auto, (max-width: 700px) 100vw, 700px\" \/><\/a><figcaption id=\"caption-attachment-9161\" class=\"wp-caption-text\">Bourse Toutes Collections - Monclar de Quercy - \u00c9dition 2011<\/figcaption><\/figure>\n<ul>\n<li><span style=\"color: #003366;\"><strong>A SAVOIR : <\/strong><\/span><\/li>\n<\/ul>\n<p style=\"text-align: justify;\">Le salon du livre et bourse toutes collections de Monclar de Quercy a lieu, chaque ann\u00e9e le dernier dimanche d&rsquo;ao\u00fbt.<br \/>\nNotez donc sur vos agendas la date de la 9i\u00e8me \u00e9dition : ce sera dimanche 26 ao\u00fbt 2012.<\/p>\n<p style=\"text-align: justify;\"><span style=\"color: #003366;\"><strong>Contact : <\/strong><\/span><a title=\"Cliquez pour ouvrir la fiche dans l'annuaire d'OPI\" href=\"https:\/\/www.o-p-i.fr\/aupays\/annuaire\/tourisme\/office-du-tourisme\/\"> Office de Tourisme<\/a><br \/>\nT\u00e9l. : 05 63 30 31 72<br \/>\nCourriel : <a href=\"mailto:monclardequercy@wanadoo.fr\">monclardequercy@wanadoo.fr<\/a><\/p>\n<p><em>Communiqu\u00e9 et photos de Robert Linas <a title=\"Cliquez pour ouvrir la fiche dans l'annuaire d'OPI\" href=\"https:\/\/www.o-p-i.fr\/aupays\/annuaire\/loisirs\/autriche-et-pays-doc\/\">Autriche et Pays d&rsquo;Oc <\/a><\/em><\/p>\n","protected":false},"excerpt":{"rendered":"<div class=\"mh-excerpt\">Dimanche 28 Aout dernier, la grande salle du lac accueillait la 8i\u00e8me \u00e9dition du salon du livre et bourse toutes collections organis\u00e9 par l&rsquo;Office de Tourisme.<\/div>\n","protected":false},"author":2,"featured_media":0,"comment_status":"open","ping_status":"open","sticky":false,"template":"","format":"standard","meta":{"om_disable_all_campaigns":false,"advanced_seo_description":"","jetpack_seo_html_title":"","jetpack_seo_noindex":false,"_jetpack_memberships_contains_paid_content":false,"footnotes":"","_links_to":"","_links_to_target":""},"categories":[4,1,16,54,1019],"tags":[498,621,678,82,128,143,146,147,330,449],"class_list":{"0":"post-9159","1":"post","2":"type-post","3":"status-publish","4":"format-standard","6":"category-commerce","7":"category-culture","8":"category-monclar","9":"category-loisirs","10":"category-n-64-aout-2011","11":"tag-salon","12":"tag-bourse-toutes-collections","13":"tag-salon-du-livre","14":"tag-aines","15":"tag-autriche-et-pays-doc","16":"tag-monclar-de-quercy","17":"tag-auteur","18":"tag-dedicace","19":"tag-rencontre","20":"tag-brocante"},"jetpack_featured_media_url":"","views":{"total":0,"cached_at":"","cached_date":1738284174},"jetpack_likes_enabled":true,"jetpack_sharing_enabled":true,"jetpack_shortlink":"https:\/\/wp.me\/pg7Wxj-2nJ","jetpack-related-posts":[],"_links":{"self":[{"href":"https:\/\/www.o-p-i.fr\/parlonsen\/wp-json\/wp\/v2\/posts\/9159","targetHints":{"allow":["GET"]}}],"collection":[{"href":"https:\/\/www.o-p-i.fr\/parlonsen\/wp-json\/wp\/v2\/posts"}],"about":[{"href":"https:\/\/www.o-p-i.fr\/parlonsen\/wp-json\/wp\/v2\/types\/post"}],"author":[{"embeddable":true,"href":"https:\/\/www.o-p-i.fr\/parlonsen\/wp-json\/wp\/v2\/users\/2"}],"replies":[{"embeddable":true,"href":"https:\/\/www.o-p-i.fr\/parlonsen\/wp-json\/wp\/v2\/comments?post=9159"}],"version-history":[{"count":0,"href":"https:\/\/www.o-p-i.fr\/parlonsen\/wp-json\/wp\/v2\/posts\/9159\/revisions"}],"wp:attachment":[{"href":"https:\/\/www.o-p-i.fr\/parlonsen\/wp-json\/wp\/v2\/media?parent=9159"}],"wp:term":[{"taxonomy":"category","embeddable":true,"href":"https:\/\/www.o-p-i.fr\/parlonsen\/wp-json\/wp\/v2\/categories?post=9159"},{"taxonomy":"post_tag","embeddable":true,"href":"https:\/\/www.o-p-i.fr\/parlonsen\/wp-json\/wp\/v2\/tags?post=9159"}],"curies":[{"name":"wp","href":"https:\/\/api.w.org\/{rel}","templated":true}]}}