{"id":918,"date":"2009-10-28T13:53:21","date_gmt":"2009-10-28T11:53:21","guid":{"rendered":"\/parlonsen\/?p=918"},"modified":"2009-10-28T14:42:04","modified_gmt":"2009-10-28T12:42:04","slug":"change-plantes-dautomne","status":"publish","type":"post","link":"https:\/\/www.o-p-i.fr\/parlonsen\/parlons-en\/culture\/change-plantes-dautomne\/","title":{"rendered":"Change-plantes d&rsquo;automne&#8230;"},"content":{"rendered":"<p>Au rythme des saisons, les amoureux du jardin se retrouvent pour une journ\u00e9e d&rsquo;\u00e9changes et de convivialit\u00e9 &#8230;<!--more--><\/p>\n<figure id=\"attachment_924\" aria-describedby=\"caption-attachment-924\" style=\"width: 347px\" class=\"wp-caption alignleft\"><img data-recalc-dims=\"1\" loading=\"lazy\" decoding=\"async\" class=\"size-full wp-image-924\" title=\"photo-change-plantes-2007\" src=\"https:\/\/i0.wp.com\/www.o-p-i.fr\/parlonsen\/wp-content\/uploads\/photo-change-plantes-2007.jpg?resize=347%2C258&#038;ssl=1\" alt=\"change-plantes\" width=\"347\" height=\"258\" srcset=\"https:\/\/i0.wp.com\/www.o-p-i.fr\/parlonsen\/wp-content\/uploads\/photo-change-plantes-2007.jpg?w=347&amp;ssl=1 347w, https:\/\/i0.wp.com\/www.o-p-i.fr\/parlonsen\/wp-content\/uploads\/photo-change-plantes-2007.jpg?resize=300%2C223&amp;ssl=1 300w\" sizes=\"auto, (max-width: 347px) 100vw, 347px\" \/><figcaption id=\"caption-attachment-924\" class=\"wp-caption-text\">change-plantes<\/figcaption><\/figure>\n<p style=\"text-align: justify;\">Cette ann\u00e9e, le <span style=\"color: #800000;\"><strong>change-plantes d&rsquo;automne <\/strong><\/span>aura lieu le <span style=\"color: #800000;\"><strong>dimanche 22 novembre<\/strong><\/span>, au SOURIGOUS (Salvagnac).<br \/>\nDe 1O heures \u00e0 17 heures, la joyeuse \u00e9quipe du change-plantes vous accueillera pour un moment d&rsquo;\u00e9change de plantes et d&rsquo;arbustes (d&rsquo;arbres aussi !)\u00a0bien s\u00fbr, mais aussi de recettes (de jardinage&#8230; et de cuisine), de livres, d&rsquo;id\u00e9es&#8230;<br \/>\nOn casse la croute ensemble, autour d&rsquo;une bonne soupe de l\u00e9gumes. Pour la suite, c&rsquo;est l&rsquo;auberge espagnole&#8230;du sal\u00e9 ou du sucr\u00e9, c&rsquo;est comme vous voulez.<\/p>\n<p style=\"text-align: justify;\">Comme les fois pr\u00e9c\u00e9dentes, O.P.I. s&rsquo;associe \u00e0 cette manifestation sympathique et invite les nouveaux arrivants \u00e0 profiter de cette occasion pour recevoir leur cadeau de \u00ab\u00a0<a href=\"https:\/\/www.o-p-i.fr\/aupays\/opi\/bienvenue-au-pays\/\" target=\"_self\">Bienvenue au Pays<\/a>\u00ab\u00a0.<\/p>\n<p style=\"text-align: justify;\">Le programme d\u00e9taill\u00e9 de la journ\u00e9e bient\u00f4t dans \u00ab\u00a0Parlons-en\u00a0\u00bb&#8230; (visite de l&rsquo;arbor\u00e9tum, contes et l\u00e9gendes, percussions ????).<\/p>\n","protected":false},"excerpt":{"rendered":"<div class=\"mh-excerpt\">Au rythme des saisons, les amoureux du jardin se retrouvent pour une journ\u00e9e d&rsquo;\u00e9changes et de convivialit\u00e9 &#8230;<\/div>\n","protected":false},"author":4,"featured_media":0,"comment_status":"open","ping_status":"open","sticky":false,"template":"","format":"standard","meta":{"om_disable_all_campaigns":false,"advanced_seo_description":"","jetpack_seo_html_title":"","jetpack_seo_noindex":false,"_jetpack_memberships_contains_paid_content":false,"footnotes":"","_links_to":"","_links_to_target":""},"categories":[1,54,6,25,9],"tags":[2548,116,117,118,119],"class_list":{"0":"post-918","1":"post","2":"type-post","3":"status-publish","4":"format-standard","6":"category-culture","7":"category-loisirs","8":"category-pratique","9":"category-salvagnac","10":"category-n_42","11":"tag-salvagnac","12":"tag-change-plante","13":"tag-echange","14":"tag-arbres","15":"tag-jardin"},"jetpack_featured_media_url":"","views":{"total":0,"cached_at":"","cached_date":1738515281},"jetpack_likes_enabled":true,"jetpack_sharing_enabled":true,"jetpack_shortlink":"https:\/\/wp.me\/pg7Wxj-eO","jetpack-related-posts":[],"_links":{"self":[{"href":"https:\/\/www.o-p-i.fr\/parlonsen\/wp-json\/wp\/v2\/posts\/918","targetHints":{"allow":["GET"]}}],"collection":[{"href":"https:\/\/www.o-p-i.fr\/parlonsen\/wp-json\/wp\/v2\/posts"}],"about":[{"href":"https:\/\/www.o-p-i.fr\/parlonsen\/wp-json\/wp\/v2\/types\/post"}],"author":[{"embeddable":true,"href":"https:\/\/www.o-p-i.fr\/parlonsen\/wp-json\/wp\/v2\/users\/4"}],"replies":[{"embeddable":true,"href":"https:\/\/www.o-p-i.fr\/parlonsen\/wp-json\/wp\/v2\/comments?post=918"}],"version-history":[{"count":0,"href":"https:\/\/www.o-p-i.fr\/parlonsen\/wp-json\/wp\/v2\/posts\/918\/revisions"}],"wp:attachment":[{"href":"https:\/\/www.o-p-i.fr\/parlonsen\/wp-json\/wp\/v2\/media?parent=918"}],"wp:term":[{"taxonomy":"category","embeddable":true,"href":"https:\/\/www.o-p-i.fr\/parlonsen\/wp-json\/wp\/v2\/categories?post=918"},{"taxonomy":"post_tag","embeddable":true,"href":"https:\/\/www.o-p-i.fr\/parlonsen\/wp-json\/wp\/v2\/tags?post=918"}],"curies":[{"name":"wp","href":"https:\/\/api.w.org\/{rel}","templated":true}]}}