{"id":9182,"date":"2011-09-01T12:15:05","date_gmt":"2011-09-01T10:15:05","guid":{"rendered":"\/parlonsen\/?p=9182"},"modified":"2011-09-28T17:00:32","modified_gmt":"2011-09-28T15:00:32","slug":"vivaldi-et-faure-en-concert-a-puycelsi","status":"publish","type":"post","link":"https:\/\/www.o-p-i.fr\/parlonsen\/parlons-en\/culture\/vivaldi-et-faure-en-concert-a-puycelsi\/","title":{"rendered":"Vivaldi et Faur\u00e9 en concert &#8230; \u00e0 Puycelsi"},"content":{"rendered":"<p style=\"text-align: justify;\"><span style=\"color: #000080;\"><strong>L\u2019Association pour la Restauration de l\u2019\u00e9glise Saint-Corneille<\/strong><\/span> (ARC) \u0153uvre depuis 2006 pour redonner un lustre \u00e0 cette belle \u00e9glise et au tr\u00e9sor qui la compose. Le <span style=\"color: #000080;\"><strong>Dimanche 11 Septembre 2011<\/strong><\/span> \u00e0 18h, plus de quarante choristes viendront sous la direction de Mark Opstad, interpr\u00e9ter le Gloria de Vivaldi et le Requiem de Faur\u00e9. <!--more--><\/p>\n<figure id=\"attachment_9183\" aria-describedby=\"caption-attachment-9183\" style=\"width: 280px\" class=\"wp-caption alignright\"><a href=\"https:\/\/i0.wp.com\/www.o-p-i.fr\/parlonsen\/wp-content\/uploads\/eglise_st_corneille.png?ssl=1\"><img data-recalc-dims=\"1\" loading=\"lazy\" decoding=\"async\" class=\"size-full wp-image-9183 \" title=\"Puycelsi (81)\" src=\"https:\/\/i0.wp.com\/www.o-p-i.fr\/parlonsen\/wp-content\/uploads\/eglise_st_corneille.png?resize=280%2C140&#038;ssl=1\" alt=\"Puycelsi (81)\" width=\"280\" height=\"140\" srcset=\"https:\/\/i0.wp.com\/www.o-p-i.fr\/parlonsen\/wp-content\/uploads\/eglise_st_corneille.png?w=400&amp;ssl=1 400w, https:\/\/i0.wp.com\/www.o-p-i.fr\/parlonsen\/wp-content\/uploads\/eglise_st_corneille.png?resize=300%2C150&amp;ssl=1 300w\" sizes=\"auto, (max-width: 280px) 100vw, 280px\" \/><\/a><figcaption id=\"caption-attachment-9183\" class=\"wp-caption-text\">Photo : Boscher Micha\u00ebl<\/figcaption><\/figure>\n<p style=\"text-align: justify;\">Ces \u0153uvres bien connues du public auront un \u00e9clat plus particulier dans cette \u00e9glise \u00e0 l\u2019acoustique exceptionnelle.<\/p>\n<p style=\"text-align: justify;\">Le meilleur accueil vous sera r\u00e9serv\u00e9.<\/p>\n<p><em>Communiqu\u00e9 de Michel Robert<br \/>\nSource Photo : <a title=\"Cliquez pour ouvrir la fiche dans l'annuaire d'OPI\" href=\"https:\/\/www.o-p-i.fr\/aupays\/annuaire\/communication-publicite\/mediapanoramique\/\">M\u00e9diapanoramique<\/a><\/em><\/p>\n<p><span style=\"color: #000080;\"><strong>En savoir + sur &#8230;<\/strong><\/span><em><br \/>\n<\/em>L&rsquo;\u00e9glise Saint Corneille :<a title=\"Ouvre le site dans une nouvelle fen\u00eatre\" href=\"http:\/\/www.petit-patrimoine.com\/fiche-petit-patrimoine.php?id_pp=81217_3\" target=\"_blank\"><br \/>\n<\/a><a title=\"Ouvre le site dans une nouvelle fen\u00eatre\" href=\"http:\/\/www.mediapanoramique.com\/panoramique_360.php?pano=puycelsi-eglise-saint-corneille\">Visiter l&rsquo;int\u00e9rieur \u00e0 360\u00b0<\/a><a title=\"Ouvre le site dans une nouvelle fen\u00eatre\" href=\"http:\/\/www.petit-patrimoine.com\/fiche-petit-patrimoine.php?id_pp=81217_3\" target=\"_blank\"><br \/>\nhttp:\/\/www.petit-patrimoine.com\/<br \/>\n<\/a><\/p>\n<p><a href=\"https:\/\/www.o-p-i.fr\/parlonsen\/agenda\/\"><strong>Retrouvez tous les \u00e9v\u00e8nements dans l&rsquo;agenda !<\/strong><\/a><\/p>\n","protected":false},"excerpt":{"rendered":"<div class=\"mh-excerpt\">L\u2019Association pour la Restauration de l\u2019\u00e9glise Saint-Corneille (ARC) \u0153uvre depuis 2006 pour redonner un lustre \u00e0 cette belle \u00e9glise et au tr\u00e9sor qui la compose. Le Dimanche 11 Septembre 2011 \u00e0 18h, plus de quarante <a class=\"mh-excerpt-more\" href=\"https:\/\/www.o-p-i.fr\/parlonsen\/parlons-en\/culture\/vivaldi-et-faure-en-concert-a-puycelsi\/\" title=\"Vivaldi et Faur\u00e9 en concert &#8230; \u00e0 Puycelsi\">[&#8230;]<\/a><\/div>\n","protected":false},"author":2,"featured_media":0,"comment_status":"open","ping_status":"open","sticky":false,"template":"","format":"standard","meta":{"om_disable_all_campaigns":false,"advanced_seo_description":"","jetpack_seo_html_title":"","jetpack_seo_noindex":false,"_jetpack_memberships_contains_paid_content":false,"footnotes":"","_links_to":"","_links_to_target":""},"categories":[42,1,54,648,291,1019],"tags":[43,228,286,478,873],"class_list":{"0":"post-9182","1":"post","2":"type-post","3":"status-publish","4":"format-standard","6":"category-a-cote-de-chez-nous","7":"category-culture","8":"category-loisirs","9":"category-cest-la-rentree","10":"category-solidarite","11":"category-n-64-aout-2011","12":"tag-concert","13":"tag-patrimoine","14":"tag-musique-classique","15":"tag-puycelsi","16":"tag-eglise"},"jetpack_featured_media_url":"","views":{"total":0,"cached_at":"","cached_date":1738509699},"jetpack_likes_enabled":true,"jetpack_sharing_enabled":true,"jetpack_shortlink":"https:\/\/wp.me\/pg7Wxj-2o6","jetpack-related-posts":[],"_links":{"self":[{"href":"https:\/\/www.o-p-i.fr\/parlonsen\/wp-json\/wp\/v2\/posts\/9182","targetHints":{"allow":["GET"]}}],"collection":[{"href":"https:\/\/www.o-p-i.fr\/parlonsen\/wp-json\/wp\/v2\/posts"}],"about":[{"href":"https:\/\/www.o-p-i.fr\/parlonsen\/wp-json\/wp\/v2\/types\/post"}],"author":[{"embeddable":true,"href":"https:\/\/www.o-p-i.fr\/parlonsen\/wp-json\/wp\/v2\/users\/2"}],"replies":[{"embeddable":true,"href":"https:\/\/www.o-p-i.fr\/parlonsen\/wp-json\/wp\/v2\/comments?post=9182"}],"version-history":[{"count":0,"href":"https:\/\/www.o-p-i.fr\/parlonsen\/wp-json\/wp\/v2\/posts\/9182\/revisions"}],"wp:attachment":[{"href":"https:\/\/www.o-p-i.fr\/parlonsen\/wp-json\/wp\/v2\/media?parent=9182"}],"wp:term":[{"taxonomy":"category","embeddable":true,"href":"https:\/\/www.o-p-i.fr\/parlonsen\/wp-json\/wp\/v2\/categories?post=9182"},{"taxonomy":"post_tag","embeddable":true,"href":"https:\/\/www.o-p-i.fr\/parlonsen\/wp-json\/wp\/v2\/tags?post=9182"}],"curies":[{"name":"wp","href":"https:\/\/api.w.org\/{rel}","templated":true}]}}