{"id":9211,"date":"2011-09-05T22:19:04","date_gmt":"2011-09-05T20:19:04","guid":{"rendered":"\/parlonsen\/?p=9211"},"modified":"2011-09-07T21:23:44","modified_gmt":"2011-09-07T19:23:44","slug":"2eme-salon-du-livre-a-salvagnac","status":"publish","type":"post","link":"https:\/\/www.o-p-i.fr\/parlonsen\/parlons-en\/culture\/2eme-salon-du-livre-a-salvagnac\/","title":{"rendered":"2\u00e8me Salon du Livre &#8230; \u00e0 Salvagnac"},"content":{"rendered":"<p style=\"text-align: justify;\"><span style=\"color: #000080;\"><strong>Dimanche 11 septembre 2011<\/strong><\/span> \u00e0 partir de 10 heures du matin, la base de loisirs des Sourigous, en bordure de la RD999 qui joint Gaillac \u00e0 Montauban, h\u00e9bergera le <span style=\"color: #000080;\"><strong>deuxi\u00e8me salon du livre<\/strong><\/span> organis\u00e9 par l\u2019<span style=\"color: #000080;\"><strong>association culturelle du Pays Salvagnacois<\/strong><\/span>, et soutenu par le Conseil G\u00e9n\u00e9ral du Tarn, la communaut\u00e9 de Communes du pays Salvagnacois et la Municipalit\u00e9 de Salvagnac.<!--more--><\/p>\n<figure id=\"attachment_9212\" aria-describedby=\"caption-attachment-9212\" style=\"width: 400px\" class=\"wp-caption alignright\"><strong><a href=\"https:\/\/i0.wp.com\/www.o-p-i.fr\/parlonsen\/wp-content\/uploads\/affiche_salon2011.jpg?ssl=1\"><img data-recalc-dims=\"1\" loading=\"lazy\" decoding=\"async\" class=\"size-full wp-image-9212\" title=\"Salvagnac (81)\" src=\"https:\/\/i0.wp.com\/www.o-p-i.fr\/parlonsen\/wp-content\/uploads\/affiche_salon2011.jpg?resize=400%2C568&#038;ssl=1\" alt=\"Salvagnac (81)\" width=\"400\" height=\"568\" srcset=\"https:\/\/i0.wp.com\/www.o-p-i.fr\/parlonsen\/wp-content\/uploads\/affiche_salon2011.jpg?w=400&amp;ssl=1 400w, https:\/\/i0.wp.com\/www.o-p-i.fr\/parlonsen\/wp-content\/uploads\/affiche_salon2011.jpg?resize=211%2C300&amp;ssl=1 211w\" sizes=\"auto, (max-width: 400px) 100vw, 400px\" \/><\/a><\/strong><figcaption id=\"caption-attachment-9212\" class=\"wp-caption-text\">Salvagnac (81)<\/figcaption><\/figure>\n<p><strong>Le programme<\/strong> de principe des animations de la journ\u00e9e sera le suivant :<\/p>\n<p style=\"text-align: justify;\">De 10 h \u00e0 12 h, des ateliers gratuits seront anim\u00e9s autour de l\u2019ancienne guinguette :<br \/>\n&#8211;\tJulie Eug\u00e8ne, illustratrice &#8211; Atelier 8\/10 ans ;<br \/>\n&#8211;\tMarie Claire Carme. Atelier po\u00e9tique<br \/>\n&#8211;\tNathalie Izaure. Cr\u00e9ation d\u2019un livret de comptines sur ordinateur.<br \/>\n&#8211;\tAnna Fisher. Atelier d\u2019\u00e9criture.<\/p>\n<p style=\"text-align: justify; padding-left: 30px;\"><span style=\"color: #000080;\"><strong>Inscriptions aux ateliers<\/strong><\/span> du Salon du livre (10h \u00e0 12h)<\/p>\n<p style=\"padding-left: 30px;\">&#8211; \u00c9criture pour adultes<br \/>\n&#8211; Po\u00e9sie pour adultes<br \/>\n&#8211; Illustration pour la jeunesse<br \/>\n&#8211; Comptines par ordinateur<\/p>\n<p style=\"padding-left: 30px;\">Ces inscriptions sont gratuites<\/p>\n<ul>\n<li>\u00c0 la <a title=\"Cliquez pour ouvrir la fiche dans l'annuaire d'OPI\" href=\"https:\/\/www.o-p-i.fr\/aupays\/annuaire\/administrations\/bibliotheque-municipale-a-salvagnac\/\">biblioth\u00e8que<\/a> les :<br \/>\nMercredi, samedi, dimanche : de 10h \u00e0 12 h<br \/>\nMercredi : de 14h \u00e0 16h<br \/>\nVendredi : de 16h30 \u00e0 18h30.<\/li>\n<\/ul>\n<ul>\n<li> Par t\u00e9l\u00e9phone : 05 63 33 78 99<\/li>\n<\/ul>\n<ul>\n<li>Par courriel : <a href=\"mailto:afeix@ orange.fr \">afeix@ orange.fr <\/a><\/li>\n<\/ul>\n<p style=\"text-align: justify;\">Et dans l\u2019apr\u00e8s-midi, deux conf\u00e9rences seront donn\u00e9es, une \u00e0  15 h par Philippe Marlin sur Rennes le ch\u00e2teau et son \u00e9nigmatique tr\u00e9sor, et \u00e0 16 h,  Yves Lignon animera une table ronde sur les maisons hant\u00e9es<br \/>\nOutre la pr\u00e9sence de  quarante auteurs et \u00e9crivains, ce deuxi\u00e8me salon b\u00e9n\u00e9ficie de la participation exceptionnelle de Richard D. Nolane, \u00e9crivain, traducteur, anthologiste et sc\u00e9nariste de bande dessin\u00e9e fran\u00e7ais, ainsi que  de Gudule,  \u00e9crivain belge francophone qui \u00e9crit pour les enfants et pour les adultes, et  d\u2019Yves Lignon,  universitaire fran\u00e7ais, d\u00e9fenseur de la parapsychologie, conf\u00e9rencier et auteur de plusieurs ouvrages et de nombreux articles sur le paranormal.<\/p>\n<p style=\"text-align: justify;\"><span style=\"color: #000080;\"><strong>Liste des auteurs pr\u00e9sents :<\/strong><\/span><\/p>\n<p style=\"text-align: justify;\">Amalth\u00e9e, Amiot St\u00e9phane, Archambaud Vanessa, Berth\u00e8s Colette, Brogniart Colette, Brunet christine, Carivenc B\u00e9atrice, Carm\u00e9 Marie-Claire, Campredon Julien, Ceccato Solange, Darbon Ma\u00eft\u00e9, Noudila Jack, Durieu Malet Jakie, Eug\u00e8ne Julie, Fisher Anna, Guilhem Rosie, Gudule, Nathalie Izaure, Khattou Bernard, Leininger Gilles Eric, Lignon Yves, Malbreil Xavier, Malet Andr\u00e9, Mamier Claude, Marco Florence,  Marimbert Jean-Jacques, Philippe Marlin, Nolane Richard, Pagel Michel, Pag\u00e8s Daniel, Pag\u00e8s Ren\u00e9, Perenne Florence, Pierrot Claudine, Polv\u00e9 Catherine, Serres Christian, Theys Jean-Luc, Thirion Jan, Tranier Jacqueline, Vidal Nadine, Zytnicki Maurice.<\/p>\n<p><strong><span style=\"color: #000080;\">\u00c9ditions pr\u00e9sentes :<\/span><\/strong><\/p>\n<p>Citadelles &amp; Mazenod, Toute Latitude, Le Fil des mots, La Girandole.<\/p>\n<p style=\"text-align: justify;\">A 18 heures seront proclam\u00e9s les r\u00e9sultats du concours de Nouvelles, pour lequel vingt six  textes sont parvenus  au jury.<\/p>\n<p>Le verre de l\u2019amiti\u00e9 sera servi pour cl\u00f4turer la journ\u00e9e.<br \/>\nEntr\u00e9e et parking gratuits.<br \/>\nRestauration possible sur place \u00e0 <a title=\"Cliquez pour ouvrir la fiche dans l'annuaire d'OPI\" href=\"https:\/\/www.o-p-i.fr\/aupays\/annuaire\/restau\/la-guinguette\/\">la Guinguette<\/a><\/p>\n<p><span style=\"color: #000080;\"><strong>Contacts : <\/strong><\/span><\/p>\n<p>Annie Feix<br \/>\nT\u00e9l. : 05.63.33.78.99<\/p>\n<p>Colette D\u00e9l\u00e9ris<br \/>\nT\u00e9l. : 05.63.40.58.36<\/p>\n<p><em>Communiqu\u00e9 de l&rsquo;Association Culturelle du Pays Salvagnacois<\/em><\/p>\n<p><a href=\"https:\/\/www.o-p-i.fr\/parlonsen\/agenda\/\"><strong>Retrouvez tous les \u00e9v\u00e8nements dans l&rsquo;agenda !<\/strong><\/a><\/p>\n<p><strong><span style=\"color: #000080;\">En savoir + sur &#8230;<\/span><br \/>\nLes auteurs pr\u00e9sents : <\/strong><a href=\"https:\/\/www.o-p-i.fr\/7alire\/\">https:\/\/www.o-p-i.fr\/7alire\/<\/a><strong><br \/>\n<\/strong><\/p>\n","protected":false},"excerpt":{"rendered":"<div class=\"mh-excerpt\">Dimanche 11 septembre 2011 \u00e0 partir de 10 heures du matin, la base de loisirs des Sourigous, en bordure de la RD999 qui joint Gaillac \u00e0 Montauban, h\u00e9bergera le deuxi\u00e8me salon du livre organis\u00e9 par <a class=\"mh-excerpt-more\" href=\"https:\/\/www.o-p-i.fr\/parlonsen\/parlons-en\/culture\/2eme-salon-du-livre-a-salvagnac\/\" title=\"2\u00e8me Salon du Livre &#8230; \u00e0 Salvagnac\">[&#8230;]<\/a><\/div>\n","protected":false},"author":2,"featured_media":0,"comment_status":"open","ping_status":"open","sticky":false,"template":"","format":"standard","meta":{"om_disable_all_campaigns":false,"advanced_seo_description":"","jetpack_seo_html_title":"","jetpack_seo_noindex":false,"_jetpack_memberships_contains_paid_content":false,"footnotes":"","_links_to":"","_links_to_target":""},"categories":[1,54,648,25,1050],"tags":[2548,146,234,330,498,678],"class_list":{"0":"post-9211","1":"post","2":"type-post","3":"status-publish","4":"format-standard","6":"category-culture","7":"category-loisirs","8":"category-cest-la-rentree","9":"category-salvagnac","10":"category-n-65-septembre-2011","11":"tag-salvagnac","12":"tag-auteur","13":"tag-conference","14":"tag-rencontre","15":"tag-salon","16":"tag-salon-du-livre"},"jetpack_featured_media_url":"","views":{"total":0,"cached_at":"","cached_date":1738509638},"jetpack_likes_enabled":true,"jetpack_sharing_enabled":true,"jetpack_shortlink":"https:\/\/wp.me\/pg7Wxj-2oz","jetpack-related-posts":[],"_links":{"self":[{"href":"https:\/\/www.o-p-i.fr\/parlonsen\/wp-json\/wp\/v2\/posts\/9211","targetHints":{"allow":["GET"]}}],"collection":[{"href":"https:\/\/www.o-p-i.fr\/parlonsen\/wp-json\/wp\/v2\/posts"}],"about":[{"href":"https:\/\/www.o-p-i.fr\/parlonsen\/wp-json\/wp\/v2\/types\/post"}],"author":[{"embeddable":true,"href":"https:\/\/www.o-p-i.fr\/parlonsen\/wp-json\/wp\/v2\/users\/2"}],"replies":[{"embeddable":true,"href":"https:\/\/www.o-p-i.fr\/parlonsen\/wp-json\/wp\/v2\/comments?post=9211"}],"version-history":[{"count":0,"href":"https:\/\/www.o-p-i.fr\/parlonsen\/wp-json\/wp\/v2\/posts\/9211\/revisions"}],"wp:attachment":[{"href":"https:\/\/www.o-p-i.fr\/parlonsen\/wp-json\/wp\/v2\/media?parent=9211"}],"wp:term":[{"taxonomy":"category","embeddable":true,"href":"https:\/\/www.o-p-i.fr\/parlonsen\/wp-json\/wp\/v2\/categories?post=9211"},{"taxonomy":"post_tag","embeddable":true,"href":"https:\/\/www.o-p-i.fr\/parlonsen\/wp-json\/wp\/v2\/tags?post=9211"}],"curies":[{"name":"wp","href":"https:\/\/api.w.org\/{rel}","templated":true}]}}