{"id":9242,"date":"2011-09-06T12:49:51","date_gmt":"2011-09-06T10:49:51","guid":{"rendered":"\/parlonsen\/?p=9242"},"modified":"2011-09-06T12:49:51","modified_gmt":"2011-09-06T10:49:51","slug":"course-10-kilometres-nature-2011-de-larroque-les-resultats","status":"publish","type":"post","link":"https:\/\/www.o-p-i.fr\/parlonsen\/localisation\/a-cote-de-chez-nous\/course-10-kilometres-nature-2011-de-larroque-les-resultats\/","title":{"rendered":"Course 10 kilom\u00e8tres nature 2011 de Larroque &#8230; les r\u00e9sultats !"},"content":{"rendered":"<p style=\"text-align: justify;\">C\u2019est dans le magnifique cadre de verdure du hameau de Mespel que le 5\u00b0 d\u00e9part de la course nature de Larroque a \u00e9t\u00e9 donn\u00e9 vers 10h ce dimanche 4 septembre 2011. <!--more--><\/p>\n<p style=\"text-align: justify;\">\n<figure id=\"attachment_9243\" aria-describedby=\"caption-attachment-9243\" style=\"width: 300px\" class=\"wp-caption alignright\"><a href=\"http:\/\/larroque81.org\/spip.php?article150\"><img data-recalc-dims=\"1\" loading=\"lazy\" decoding=\"async\" class=\"size-full wp-image-9243 \" title=\"Les organisateurs\" src=\"https:\/\/i0.wp.com\/www.o-p-i.fr\/parlonsen\/wp-content\/uploads\/larroque_orga.jpg?resize=300%2C225&#038;ssl=1\" alt=\"Les organisateurs\" width=\"300\" height=\"225\" srcset=\"https:\/\/i0.wp.com\/www.o-p-i.fr\/parlonsen\/wp-content\/uploads\/larroque_orga.jpg?w=500&amp;ssl=1 500w, https:\/\/i0.wp.com\/www.o-p-i.fr\/parlonsen\/wp-content\/uploads\/larroque_orga.jpg?resize=300%2C225&amp;ssl=1 300w\" sizes=\"auto, (max-width: 300px) 100vw, 300px\" \/><\/a><figcaption id=\"caption-attachment-9243\" class=\"wp-caption-text\">Les organisateurs<\/figcaption><\/figure>\n<p style=\"text-align: justify;\">Pr\u00e8s de 70 coureurs ont parcouru les 10 km du circuit propos\u00e9 au c\u0153ur de la for\u00eat de la Gr\u00e9signe mais ils n\u2019\u00e9taient pas seuls, puisque 60 randonneurs ont effectu\u00e9 le m\u00eame circuit, mais en sens inverse. C\u2019est apr\u00e8s le retour de tout le monde que les enfants se sont eux aussi \u00e9lanc\u00e9s pour un mini parcours dans le hameau.<\/p>\n<p style=\"text-align: justify;\">Apr\u00e8s l\u2019effort, le r\u00e9confort attendait tout le monde. Tout d\u2019abord, des r\u00e9compenses pour un grand nombre, puis ce sont les sonneurs de trompe qui ont salu\u00e9 tous ces sportifs et pour terminer, apr\u00e8s le partage du verre de l\u2019amiti\u00e9, tout le monde a pu se restaurer sous les marabouts dress\u00e9s pour l\u2019occasion.<\/p>\n<p style=\"text-align: justify;\">\nBravo \u00e0 tous ces sportifs, rendez-vous est pris pour l\u2019ann\u00e9e prochaine.<\/p>\n<p style=\"text-align: justify;\">Vous trouverez les photos et les\u00a0 r\u00e9sultats sur <a title=\"Ouvre le site dans une nouvelle fen\u00eatre\" href=\"http:\/\/larroque81.org\/spip.php?article150\" target=\"_blank\">le site de Larroque<\/a>.<\/p>\n<p style=\"text-align: justify;\"><em>Source : <a title=\"Ouvre le site dans une nouvelle fen\u00eatre\" href=\"http:\/\/larroque81.org\/\" target=\"_blank\">Site de Larroque<\/a><\/em><\/p>\n","protected":false},"excerpt":{"rendered":"<div class=\"mh-excerpt\">C\u2019est dans le magnifique cadre de verdure du hameau de Mespel que le 5\u00b0 d\u00e9part de la course nature de Larroque a \u00e9t\u00e9 donn\u00e9 vers 10h ce dimanche 4 septembre 2011.<\/div>\n","protected":false},"author":2,"featured_media":0,"comment_status":"open","ping_status":"open","sticky":false,"template":"","format":"standard","meta":{"om_disable_all_campaigns":false,"advanced_seo_description":"","jetpack_seo_html_title":"","jetpack_seo_noindex":false,"_jetpack_memberships_contains_paid_content":false,"footnotes":"","_links_to":"","_links_to_target":""},"categories":[42,54,53,1050],"tags":[641,105,166,558],"class_list":{"0":"post-9242","1":"post","2":"type-post","3":"status-publish","4":"format-standard","6":"category-a-cote-de-chez-nous","7":"category-loisirs","8":"category-sports","9":"category-n-65-septembre-2011","10":"tag-course","11":"tag-nature","12":"tag-randonnee","13":"tag-larroque"},"jetpack_featured_media_url":"","views":{"total":0,"cached_at":"","cached_date":1738509596},"jetpack_likes_enabled":true,"jetpack_sharing_enabled":true,"jetpack_shortlink":"https:\/\/wp.me\/pg7Wxj-2p4","jetpack-related-posts":[],"_links":{"self":[{"href":"https:\/\/www.o-p-i.fr\/parlonsen\/wp-json\/wp\/v2\/posts\/9242","targetHints":{"allow":["GET"]}}],"collection":[{"href":"https:\/\/www.o-p-i.fr\/parlonsen\/wp-json\/wp\/v2\/posts"}],"about":[{"href":"https:\/\/www.o-p-i.fr\/parlonsen\/wp-json\/wp\/v2\/types\/post"}],"author":[{"embeddable":true,"href":"https:\/\/www.o-p-i.fr\/parlonsen\/wp-json\/wp\/v2\/users\/2"}],"replies":[{"embeddable":true,"href":"https:\/\/www.o-p-i.fr\/parlonsen\/wp-json\/wp\/v2\/comments?post=9242"}],"version-history":[{"count":0,"href":"https:\/\/www.o-p-i.fr\/parlonsen\/wp-json\/wp\/v2\/posts\/9242\/revisions"}],"wp:attachment":[{"href":"https:\/\/www.o-p-i.fr\/parlonsen\/wp-json\/wp\/v2\/media?parent=9242"}],"wp:term":[{"taxonomy":"category","embeddable":true,"href":"https:\/\/www.o-p-i.fr\/parlonsen\/wp-json\/wp\/v2\/categories?post=9242"},{"taxonomy":"post_tag","embeddable":true,"href":"https:\/\/www.o-p-i.fr\/parlonsen\/wp-json\/wp\/v2\/tags?post=9242"}],"curies":[{"name":"wp","href":"https:\/\/api.w.org\/{rel}","templated":true}]}}