{"id":9260,"date":"2011-09-07T10:45:13","date_gmt":"2011-09-07T08:45:13","guid":{"rendered":"\/parlonsen\/?p=9260"},"modified":"2011-09-07T10:45:13","modified_gmt":"2011-09-07T08:45:13","slug":"danses-occitanes-au-coeur-de-la-ville-spectacle-initiation-bal-a-montauban","status":"publish","type":"post","link":"https:\/\/www.o-p-i.fr\/parlonsen\/parlons-en\/culture\/danses-occitanes-au-coeur-de-la-ville-spectacle-initiation-bal-a-montauban\/","title":{"rendered":"Danses occitanes au c\u0153ur de la ville : spectacle, initiation, bal &#8230; \u00e0 Montauban"},"content":{"rendered":"<p style=\"text-align: justify;\">Dans le cadre de \u00ab\u00a0Montalban T\u00e8rra occitana\u00a0\u00bb et pour cl\u00f4turer ses animations de \u00ab\u00a0L&rsquo;Estiu du R\u00e9veil occitan\u00a0\u00bb, manifestations occitanes gratuites organis\u00e9es  avec le soutien du Conseil G\u00e9n\u00e9ral et du Conseil R\u00e9gional, une journ\u00e9e consacr\u00e9e \u00e0 la danse traditionnelle est organis\u00e9e <span style=\"color: #333300;\"><strong>Samedi 17 Septembre 2011<\/strong><\/span>.<!--more--><\/p>\n<figure id=\"attachment_9261\" aria-describedby=\"caption-attachment-9261\" style=\"width: 400px\" class=\"wp-caption alignright\"><a href=\"https:\/\/i0.wp.com\/www.o-p-i.fr\/parlonsen\/wp-content\/uploads\/reviscol1.jpg?ssl=1\"><img data-recalc-dims=\"1\" loading=\"lazy\" decoding=\"async\" class=\"size-full wp-image-9261\" title=\"Lo Revisc\u00f2l de Sant Naufari.\" src=\"https:\/\/i0.wp.com\/www.o-p-i.fr\/parlonsen\/wp-content\/uploads\/reviscol1.jpg?resize=400%2C261&#038;ssl=1\" alt=\"Lo Revisc\u00f2l de Sant Naufari.\" width=\"400\" height=\"261\" srcset=\"https:\/\/i0.wp.com\/www.o-p-i.fr\/parlonsen\/wp-content\/uploads\/reviscol1.jpg?w=400&amp;ssl=1 400w, https:\/\/i0.wp.com\/www.o-p-i.fr\/parlonsen\/wp-content\/uploads\/reviscol1.jpg?resize=300%2C195&amp;ssl=1 300w\" sizes=\"auto, (max-width: 400px) 100vw, 400px\" \/><\/a><figcaption id=\"caption-attachment-9261\" class=\"wp-caption-text\">Lo Revisc\u00f2l de Sant Naufari.<\/figcaption><\/figure>\n<p style=\"text-align: justify;\"><span style=\"color: #333300;\"><strong>Programme :<\/strong><\/span><\/p>\n<ul>\n<li> Animation du march\u00e9, de 10h \u00e0 midi, par le groupe folklorique \u00ab\u00a0Lo Revisc\u00f2l\u00a0\u00bb<\/li>\n<\/ul>\n<ul>\n<li> 16 h, \u00e0 la Maison du Peuple<span style=\"color: #333300;\"> : Initiation aux danses occitanes<\/span><\/li>\n<\/ul>\n<ul>\n<li> 21h, \u00e0 la Maison du Peuple : <span style=\"color: #333300;\">Bal occitan<\/span> gratuit avec Claude Rom\u00e9ro\/Zinga Zanga<\/li>\n<\/ul>\n<p style=\"text-align: justify;\"><span style=\"color: #333300;\"><strong>Contact : <\/strong><\/span><br \/>\nT\u00e9l. Fixe : 05 63 66 15 94<br \/>\nT\u00e9l. Port. : 06 71 00 29 25<\/p>\n<p style=\"text-align: justify;\"><em>Communiqu\u00e9 et photo : Robert Linas<\/em><\/p>\n<p><a href=\"https:\/\/www.o-p-i.fr\/parlonsen\/agenda\/\"><strong>Retrouvez tous les \u00e9v\u00e8nements dans l&rsquo;agenda !<\/strong><\/a><\/p>\n","protected":false},"excerpt":{"rendered":"<div class=\"mh-excerpt\">Dans le cadre de \u00ab\u00a0Montalban T\u00e8rra occitana\u00a0\u00bb et pour cl\u00f4turer ses animations de \u00ab\u00a0L&rsquo;Estiu du R\u00e9veil occitan\u00a0\u00bb, manifestations occitanes gratuites organis\u00e9es avec le soutien du Conseil G\u00e9n\u00e9ral et du Conseil R\u00e9gional, une journ\u00e9e consacr\u00e9e \u00e0 <a class=\"mh-excerpt-more\" href=\"https:\/\/www.o-p-i.fr\/parlonsen\/parlons-en\/culture\/danses-occitanes-au-coeur-de-la-ville-spectacle-initiation-bal-a-montauban\/\" title=\"Danses occitanes au c\u0153ur de la ville : spectacle, initiation, bal &#8230; \u00e0 Montauban\">[&#8230;]<\/a><\/div>\n","protected":false},"author":2,"featured_media":0,"comment_status":"open","ping_status":"open","sticky":false,"template":"","format":"standard","meta":{"om_disable_all_campaigns":false,"advanced_seo_description":"","jetpack_seo_html_title":"","jetpack_seo_noindex":false,"_jetpack_memberships_contains_paid_content":false,"footnotes":"","_links_to":"","_links_to_target":""},"categories":[4,42,1,54,1050],"tags":[62,84,99,133,138,156,336,475,838],"class_list":{"0":"post-9260","1":"post","2":"type-post","3":"status-publish","4":"format-standard","6":"category-commerce","7":"category-a-cote-de-chez-nous","8":"category-culture","9":"category-loisirs","10":"category-n-65-septembre-2011","11":"tag-occitan","12":"tag-danse","13":"tag-montauban","14":"tag-occitanie","15":"tag-marche","16":"tag-bal","17":"tag-lo-reviscol","18":"tag-folk","19":"tag-reveil-occitan"},"jetpack_featured_media_url":"","views":{"total":0,"cached_at":"","cached_date":1738521441},"jetpack_likes_enabled":true,"jetpack_sharing_enabled":true,"jetpack_shortlink":"https:\/\/wp.me\/pg7Wxj-2pm","jetpack-related-posts":[],"_links":{"self":[{"href":"https:\/\/www.o-p-i.fr\/parlonsen\/wp-json\/wp\/v2\/posts\/9260","targetHints":{"allow":["GET"]}}],"collection":[{"href":"https:\/\/www.o-p-i.fr\/parlonsen\/wp-json\/wp\/v2\/posts"}],"about":[{"href":"https:\/\/www.o-p-i.fr\/parlonsen\/wp-json\/wp\/v2\/types\/post"}],"author":[{"embeddable":true,"href":"https:\/\/www.o-p-i.fr\/parlonsen\/wp-json\/wp\/v2\/users\/2"}],"replies":[{"embeddable":true,"href":"https:\/\/www.o-p-i.fr\/parlonsen\/wp-json\/wp\/v2\/comments?post=9260"}],"version-history":[{"count":0,"href":"https:\/\/www.o-p-i.fr\/parlonsen\/wp-json\/wp\/v2\/posts\/9260\/revisions"}],"wp:attachment":[{"href":"https:\/\/www.o-p-i.fr\/parlonsen\/wp-json\/wp\/v2\/media?parent=9260"}],"wp:term":[{"taxonomy":"category","embeddable":true,"href":"https:\/\/www.o-p-i.fr\/parlonsen\/wp-json\/wp\/v2\/categories?post=9260"},{"taxonomy":"post_tag","embeddable":true,"href":"https:\/\/www.o-p-i.fr\/parlonsen\/wp-json\/wp\/v2\/tags?post=9260"}],"curies":[{"name":"wp","href":"https:\/\/api.w.org\/{rel}","templated":true}]}}