{"id":9266,"date":"2011-09-07T16:25:13","date_gmt":"2011-09-07T14:25:13","guid":{"rendered":"\/parlonsen\/?p=9266"},"modified":"2011-09-07T16:27:10","modified_gmt":"2011-09-07T14:27:10","slug":"la-halle-paysanne-de-gaillac-terra-local-fete-ses-trois-ans","status":"publish","type":"post","link":"https:\/\/www.o-p-i.fr\/parlonsen\/parlons-en\/agriculture\/la-halle-paysanne-de-gaillac-terra-local-fete-ses-trois-ans\/","title":{"rendered":"La halle paysanne de Gaillac, Terra local F\u00eate ses trois ans !"},"content":{"rendered":"<p style=\"text-align: justify;\"><span style=\"color: #333300;\"><strong>La halle paysanne de Gaillac<\/strong><\/span>, Terra local f\u00eate ses trois ans, le<span style=\"color: #333300;\"> <strong>Samedi 17 Septembre 2011<\/strong><\/span> !!!<!--more--><\/p>\n<p style=\"text-align: justify;\">\n<figure id=\"attachment_9271\" aria-describedby=\"caption-attachment-9271\" style=\"width: 400px\" class=\"wp-caption alignright\"><a href=\"https:\/\/i0.wp.com\/www.o-p-i.fr\/parlonsen\/wp-content\/uploads\/terra_local.jpg?ssl=1\"><img data-recalc-dims=\"1\" loading=\"lazy\" decoding=\"async\" class=\"size-full wp-image-9271 \" title=\"Gaillac (81)\" src=\"https:\/\/i0.wp.com\/www.o-p-i.fr\/parlonsen\/wp-content\/uploads\/terra_local.jpg?resize=400%2C571&#038;ssl=1\" alt=\"Gaillac (81)\" width=\"400\" height=\"571\" srcset=\"https:\/\/i0.wp.com\/www.o-p-i.fr\/parlonsen\/wp-content\/uploads\/terra_local.jpg?w=500&amp;ssl=1 500w, https:\/\/i0.wp.com\/www.o-p-i.fr\/parlonsen\/wp-content\/uploads\/terra_local.jpg?resize=210%2C300&amp;ssl=1 210w\" sizes=\"auto, (max-width: 400px) 100vw, 400px\" \/><\/a><figcaption id=\"caption-attachment-9271\" class=\"wp-caption-text\">Gaillac (81)<\/figcaption><\/figure>\n<p style=\"text-align: justify;\">D\u00e9marr\u00e9 \u00e0 l\u2019automne 2008, notre boutique \u00ab terra local \u00bb f\u00eatera le 17 septembre \u00e0 midi son troisi\u00e8me anniversaire autour d\u2019un repas musical :<\/p>\n<p style=\"text-align: justify;\">3 vins, 3 crudit\u00e9s, 3 viandes, 3 fromages, 3 desserts pour f\u00eater 3 ans et de la musique avec le groupe \u00ab in the night \u00bb et L\u00e9onor la fromag\u00e8re de la boutique au chant.!!!<\/p>\n<p style=\"text-align: justify;\">Aujourd\u2019hui, La halle fermi\u00e8re Terra Local, situ\u00e9e au <a title=\"Ouvre le plan dans une nouvelle fen\u00eatre\" href=\"http:\/\/maps.google.fr\/maps?q=86+avenue+Charles+de+Gaulle,+Gaillac&amp;hl=fr&amp;sll=46.75984,1.738281&amp;sspn=8.611865,26.784668&amp;vpsrc=0&amp;z=16\" target=\"_blank\">86 avenue Charles de Gaulle (b\u00e2timent Icifer) \u00e0 Gaillac<\/a> est une association regroupant plus de 20 paysans producteurs pratiquant une agriculture de qualit\u00e9 dans le respect de l\u2019environnement.<\/p>\n<p style=\"text-align: justify;\"><span style=\"color: #333300;\"><strong>Chaque vendredi et samedi, de 9h \u00e0 19 heures <\/strong><\/span>nous proposons \u00e0 la vente des viandes (de porc noir gascon, de veau, de b\u0153uf, d\u2019agneau et des charcuteries s\u00e8ches\u2026), du pain, des \u0153ufs, des fruits (pommes, fraises, raisins de table\u2026), des fromages (de vaches, de ch\u00e8vres et de brebis), des volailles (poulets entiers ou en d\u00e9coupe), des conserves (de porc, de canard, de daim\u2026), des confitures, du miel et pain d\u2019\u00e9pice, des vins de Gaillac, des jus de pommes, des produits secs (farine, tisane, noix, ch\u00e2taignes, pois chiche,\u2026.), de l\u2019huile de tournesol et de noix, des vinaigres\u2026<\/p>\n<p>C\u2019est avec l\u2019ensemble des ses produits, fabriqu\u00e9s \u00e0 30 km autour de Gaillac, que nous vous pr\u00e9parerons le repas anniversaire de notre boutique.<\/p>\n<p style=\"text-align: justify;\">Les heures d\u2019ouverture de notre boutique terra Local sont toujours tenues par les paysans eux-m\u00eames \u00e0 tour de r\u00f4le\u2026. Ceci permettant un contact direct entre nous paysans producteurs et vous consommateurs de nos produits\u2026.<\/p>\n<p style=\"text-align: justify;\"><span style=\"color: #333300;\"><strong>Le programme du 17 septembre 2011 :<\/strong><\/span><\/p>\n<ul>\n<li>12h : Ap\u00e9ro en musique offert, autour de trois vins de nos trois vignerons, \u2026.<\/li>\n<\/ul>\n<ul style=\"text-align: justify;\">\n<li> 13h : Repas servi crudit\u00e9s, grillades tartines de p\u00e2t\u00e9s, et assiette de desserts (fromages, pain d\u2019\u00e9pices, fruits (fraises, pommes, raisins)<\/li>\n<\/ul>\n<ul>\n<li> 14h30 : Reprise musicale \u00ab in the night \u00bb<\/li>\n<\/ul>\n<p style=\"text-align: justify;\"><span style=\"color: #333300;\"><strong>Prix du repas :<\/strong><\/span><\/p>\n<p>Adulte : 10 euros<br \/>\nEnfants (- de 10 ans) : 6 euros<\/p>\n<p style=\"text-align: justify;\"><span style=\"color: #333300;\"><strong>Contacts : <\/strong><\/span><\/p>\n<p>Christian Perry, maraicher<br \/>\nT\u00e9l. : 05 63 81 55 26<\/p>\n<p>Philippe Maffre, vigneron<br \/>\nT\u00e9l. : 05 63 40 41 12.<\/p>\n<p style=\"text-align: justify;\"><em>Communiqu\u00e9 de Terra Local<\/em><br \/>\n<em>Source image : <a title=\"Ouvre le site dans une nouvelle fen\u00eatre\" href=\"http:\/\/www.assomiech.com\/\">http:\/\/www.assomiech.com\/<\/a><\/em><\/p>\n<p style=\"text-align: justify;\"><a href=\"https:\/\/www.o-p-i.fr\/parlonsen\/agenda\/\"><strong>Retrouvez tous les \u00e9v\u00e8nements dans l&rsquo;agenda !<\/strong><\/a><\/p>\n","protected":false},"excerpt":{"rendered":"<div class=\"mh-excerpt\">La halle paysanne de Gaillac, Terra local f\u00eate ses trois ans, le Samedi 17 Septembre 2011 !!!<\/div>\n","protected":false},"author":2,"featured_media":0,"comment_status":"open","ping_status":"open","sticky":false,"template":"","format":"standard","meta":{"om_disable_all_campaigns":false,"advanced_seo_description":"","jetpack_seo_html_title":"","jetpack_seo_noindex":false,"_jetpack_memberships_contains_paid_content":false,"footnotes":"","_links_to":"","_links_to_target":""},"categories":[3,4,42,290,55,648,6,1050],"tags":[1056,157,215,368,513,547,566],"class_list":{"0":"post-9266","1":"post","2":"type-post","3":"status-publish","4":"format-standard","6":"category-agriculture","7":"category-commerce","8":"category-a-cote-de-chez-nous","9":"category-entraide","10":"category-environnement","11":"category-cest-la-rentree","12":"category-pratique","13":"category-n-65-septembre-2011","14":"tag-terra-local","15":"tag-repas","16":"tag-gaillac","17":"tag-produit-du-terroir","18":"tag-vin","19":"tag-miel","20":"tag-vigne"},"jetpack_featured_media_url":"","views":{"total":1,"cached_at":"","cached_date":1738509623},"jetpack_likes_enabled":true,"jetpack_sharing_enabled":true,"jetpack_shortlink":"https:\/\/wp.me\/pg7Wxj-2ps","jetpack-related-posts":[],"_links":{"self":[{"href":"https:\/\/www.o-p-i.fr\/parlonsen\/wp-json\/wp\/v2\/posts\/9266","targetHints":{"allow":["GET"]}}],"collection":[{"href":"https:\/\/www.o-p-i.fr\/parlonsen\/wp-json\/wp\/v2\/posts"}],"about":[{"href":"https:\/\/www.o-p-i.fr\/parlonsen\/wp-json\/wp\/v2\/types\/post"}],"author":[{"embeddable":true,"href":"https:\/\/www.o-p-i.fr\/parlonsen\/wp-json\/wp\/v2\/users\/2"}],"replies":[{"embeddable":true,"href":"https:\/\/www.o-p-i.fr\/parlonsen\/wp-json\/wp\/v2\/comments?post=9266"}],"version-history":[{"count":0,"href":"https:\/\/www.o-p-i.fr\/parlonsen\/wp-json\/wp\/v2\/posts\/9266\/revisions"}],"wp:attachment":[{"href":"https:\/\/www.o-p-i.fr\/parlonsen\/wp-json\/wp\/v2\/media?parent=9266"}],"wp:term":[{"taxonomy":"category","embeddable":true,"href":"https:\/\/www.o-p-i.fr\/parlonsen\/wp-json\/wp\/v2\/categories?post=9266"},{"taxonomy":"post_tag","embeddable":true,"href":"https:\/\/www.o-p-i.fr\/parlonsen\/wp-json\/wp\/v2\/tags?post=9266"}],"curies":[{"name":"wp","href":"https:\/\/api.w.org\/{rel}","templated":true}]}}