{"id":9302,"date":"2011-09-09T10:09:32","date_gmt":"2011-09-09T08:09:32","guid":{"rendered":"\/parlonsen\/?p=9302"},"modified":"2011-09-09T10:11:08","modified_gmt":"2011-09-09T08:11:08","slug":"la-derniere-de-la-premiere-a-rabastens","status":"publish","type":"post","link":"https:\/\/www.o-p-i.fr\/parlonsen\/parlons-en\/culture\/la-derniere-de-la-premiere-a-rabastens\/","title":{"rendered":"La derni\u00e8re de La Premi\u00e8re &#8230; \u00e0 Rabastens"},"content":{"rendered":"<p style=\"text-align: justify;\">La MJC de Rabastens organise le <span style=\"color: #333333;\"><strong>Samedi 24 septembre 2011 \u00e0 20h30<\/strong><\/span>, dans la salle de l&rsquo;Union La\u00efque de Rabastens, la 140\u00e8me et derni\u00e8re repr\u00e9sentation du spectacle de Jean-Marie Combelles \u00ab\u00a0La Premi\u00e8re\u00a0\u00bb. <!--more--><\/p>\n<p style=\"text-align: justify;\">\n<figure id=\"attachment_9303\" aria-describedby=\"caption-attachment-9303\" style=\"width: 300px\" class=\"wp-caption alignright\"><a href=\"https:\/\/i0.wp.com\/www.o-p-i.fr\/parlonsen\/wp-content\/uploads\/fly_premiere_rabastens.jpg?ssl=1\"><img data-recalc-dims=\"1\" loading=\"lazy\" decoding=\"async\" class=\"size-full wp-image-9303\" title=\"Rabastens (81)\" src=\"https:\/\/i0.wp.com\/www.o-p-i.fr\/parlonsen\/wp-content\/uploads\/fly_premiere_rabastens.jpg?resize=300%2C471&#038;ssl=1\" alt=\"Rabastens (81)\" width=\"300\" height=\"471\" srcset=\"https:\/\/i0.wp.com\/www.o-p-i.fr\/parlonsen\/wp-content\/uploads\/fly_premiere_rabastens.jpg?w=300&amp;ssl=1 300w, https:\/\/i0.wp.com\/www.o-p-i.fr\/parlonsen\/wp-content\/uploads\/fly_premiere_rabastens.jpg?resize=191%2C300&amp;ssl=1 191w\" sizes=\"auto, (max-width: 300px) 100vw, 300px\" \/><\/a><figcaption id=\"caption-attachment-9303\" class=\"wp-caption-text\">Rabastens (81)<\/figcaption><\/figure>\n<p style=\"text-align: justify;\"><span style=\"color: #333333;\"><strong>\u00ab\u00a0LA PREMI\u00c8RE\u00a0\u00bb<\/strong><\/span> raconte la premi\u00e8re repr\u00e9sentation mouvement\u00e9e d\u0092&rsquo;une pi\u00e8ce de th\u00e9\u00e2tre et les m\u00e9saventures de son acteur.<\/p>\n<p style=\"text-align: justify;\">En m\u00ealant enqu\u00eate polici\u00e8re, vie de l\u0092&rsquo;acteur sur sc\u00e8ne et hors de sc\u00e8ne et digressions sur la cr\u00e9ation, l&rsquo;\u0092intrigue brouille les pistes pour surprendre sans cesse le spectateur et l\u0092&rsquo;amuser.<\/p>\n<p style=\"text-align: justify;\">Car cette r\u00e9flexion sur le th\u00e9\u00e2tre est avant tout destin\u00e9e \u00e0 faire rire. Elle a d\u0092&rsquo;ailleurs r\u00e9ussi \u00e0 le faire aupr\u00e8s des spectateurs des 139 repr\u00e9sentations  qui ont d\u00e9j\u00e0 eu lieu depuis sa cr\u00e9ation dans la r\u00e9gion et au festival d&rsquo;Avignon.<\/p>\n<p style=\"text-align: justify;\">Organis\u00e9 par et au profit de la <a title=\"Ouvre le site dans une nouvelle fen\u00eatre\" href=\"http:\/\/mjc-rabastens-couffouleux.asso-web.com\/\" target=\"_blank\">MJC de Rabastens<\/a>.<\/p>\n<p style=\"text-align: justify;\"><span style=\"color: #333333;\"><strong>Entr\u00e9e :<\/strong><\/span> 5 euros<\/p>\n<p style=\"text-align: justify;\"><span style=\"color: #333333;\"><strong>Pour y aller &#8230;<\/strong><\/span><br \/>\n<a title=\"Ouvre le plan dans une nouvelle fen\u00eatre\" href=\"http:\/\/maps.google.fr\/maps?q=route+de+grazac,++Rabastens&amp;hl=fr&amp;ll=43.821167,1.713502&amp;spn=0.008887,0.026157&amp;sll=46.935261,1.73584&amp;sspn=8.252911,26.784668&amp;vpsrc=0&amp;t=m&amp;z=16\" target=\"_blank\">Salle de l&rsquo;Union La\u00efque de Rabastens<br \/>\nRoute de Grazac<\/a>, <a title=\"Ouvre le plan dans une nouvelle fen\u00eatre\" href=\"http:\/\/maps.google.fr\/maps?q=route+de+grazac,++Rabastens&amp;hl=fr&amp;ll=43.821167,1.713502&amp;spn=0.008887,0.026157&amp;sll=46.935261,1.73584&amp;sspn=8.252911,26.784668&amp;vpsrc=0&amp;t=m&amp;z=16\" target=\"_blank\"> Rabastens <\/a><\/p>\n<p style=\"text-align: justify;\"><em>Communiqu\u00e9 de Jean-Marie Combelles<\/em><\/p>\n<p style=\"text-align: justify;\"><a href=\"https:\/\/www.o-p-i.fr\/parlonsen\/agenda\/\"><strong>Retrouvez tous les \u00e9v\u00e8nements dans l&rsquo;agenda !<\/strong><\/a><\/p>\n","protected":false},"excerpt":{"rendered":"<div class=\"mh-excerpt\">La MJC de Rabastens organise le Samedi 24 septembre 2011 \u00e0 20h30, dans la salle de l&rsquo;Union La\u00efque de Rabastens, la 140\u00e8me et derni\u00e8re repr\u00e9sentation du spectacle de Jean-Marie Combelles \u00ab\u00a0La Premi\u00e8re\u00a0\u00bb.<\/div>\n","protected":false},"author":2,"featured_media":0,"comment_status":"open","ping_status":"open","sticky":false,"template":"","format":"standard","meta":{"om_disable_all_campaigns":false,"advanced_seo_description":"","jetpack_seo_html_title":"","jetpack_seo_noindex":false,"_jetpack_memberships_contains_paid_content":false,"footnotes":"","_links_to":"","_links_to_target":""},"categories":[42,1,54,648,1050],"tags":[57,72,132,202,281],"class_list":{"0":"post-9302","1":"post","2":"type-post","3":"status-publish","4":"format-standard","6":"category-a-cote-de-chez-nous","7":"category-culture","8":"category-loisirs","9":"category-cest-la-rentree","10":"category-n-65-septembre-2011","11":"tag-theatre","12":"tag-rabastens","13":"tag-spectacle","14":"tag-mjc","15":"tag-mjc-rabastens"},"jetpack_featured_media_url":"","views":{"total":0,"cached_at":"","cached_date":1738512953},"jetpack_likes_enabled":true,"jetpack_sharing_enabled":true,"jetpack_shortlink":"https:\/\/wp.me\/pg7Wxj-2q2","jetpack-related-posts":[],"_links":{"self":[{"href":"https:\/\/www.o-p-i.fr\/parlonsen\/wp-json\/wp\/v2\/posts\/9302","targetHints":{"allow":["GET"]}}],"collection":[{"href":"https:\/\/www.o-p-i.fr\/parlonsen\/wp-json\/wp\/v2\/posts"}],"about":[{"href":"https:\/\/www.o-p-i.fr\/parlonsen\/wp-json\/wp\/v2\/types\/post"}],"author":[{"embeddable":true,"href":"https:\/\/www.o-p-i.fr\/parlonsen\/wp-json\/wp\/v2\/users\/2"}],"replies":[{"embeddable":true,"href":"https:\/\/www.o-p-i.fr\/parlonsen\/wp-json\/wp\/v2\/comments?post=9302"}],"version-history":[{"count":0,"href":"https:\/\/www.o-p-i.fr\/parlonsen\/wp-json\/wp\/v2\/posts\/9302\/revisions"}],"wp:attachment":[{"href":"https:\/\/www.o-p-i.fr\/parlonsen\/wp-json\/wp\/v2\/media?parent=9302"}],"wp:term":[{"taxonomy":"category","embeddable":true,"href":"https:\/\/www.o-p-i.fr\/parlonsen\/wp-json\/wp\/v2\/categories?post=9302"},{"taxonomy":"post_tag","embeddable":true,"href":"https:\/\/www.o-p-i.fr\/parlonsen\/wp-json\/wp\/v2\/tags?post=9302"}],"curies":[{"name":"wp","href":"https:\/\/api.w.org\/{rel}","templated":true}]}}