{"id":9374,"date":"2011-09-14T10:35:07","date_gmt":"2011-09-14T08:35:07","guid":{"rendered":"\/parlonsen\/?p=9374"},"modified":"2011-09-14T10:35:07","modified_gmt":"2011-09-14T08:35:07","slug":"the-dansant-avec-bellsonic-a-leojac-2","status":"publish","type":"post","link":"https:\/\/www.o-p-i.fr\/parlonsen\/localisation\/au-pays-des-tescous\/leojac\/the-dansant-avec-bellsonic-a-leojac-2\/","title":{"rendered":"Th\u00e9 Dansant avec Bellsonic &#8230; \u00e0 L\u00e9ojac"},"content":{"rendered":"<p style=\"text-align: justify;\"><span style=\"color: #333300;\">Les A\u00een\u00e9s de L\u00e9ojac et des environs<\/span> organisent un th\u00e9 dansant anim\u00e9 par l&rsquo;orchestre Bellsonic ce <span style=\"color: #333300;\"><strong>Jeudi 15 Septembre 2011<\/strong><\/span> \u00e0 partir de 14h, \u00e0 la salle des f\u00eates.<!--more--><\/p>\n<p style=\"text-align: justify;\">\n<figure id=\"attachment_9375\" aria-describedby=\"caption-attachment-9375\" style=\"width: 300px\" class=\"wp-caption alignright\"><a href=\"https:\/\/i0.wp.com\/www.o-p-i.fr\/parlonsen\/wp-content\/uploads\/thedansant_leojac3.jpg?ssl=1\"><img data-recalc-dims=\"1\" loading=\"lazy\" decoding=\"async\" class=\"size-full wp-image-9375\" title=\"L\u00e9ojac (82)\" src=\"https:\/\/i0.wp.com\/www.o-p-i.fr\/parlonsen\/wp-content\/uploads\/thedansant_leojac3.jpg?resize=300%2C225&#038;ssl=1\" alt=\"L\u00e9ojac (82)\" width=\"300\" height=\"225\" \/><\/a><figcaption id=\"caption-attachment-9375\" class=\"wp-caption-text\">L\u00e9ojac (82)<\/figcaption><\/figure>\n<p><strong><span style=\"color: #333300;\">***<\/span><\/strong> A noter  que le club des A\u00een\u00e9s organisera aussi un <span style=\"color: #333300;\"><strong>grand vide grenier le\u00a0 Dimanche 2 Octobre 2011<\/strong><\/span>, dans la salle des f\u00eates et alentours.<\/p>\n<p style=\"text-align: justify;\"><span style=\"color: #333300;\"><strong>Contact :<\/strong><\/span><br \/>\nT\u00e9l. : 05 63 63 56 70 \/ 05 63 67 55 25<\/p>\n<p style=\"text-align: justify;\"><em>Communiqu\u00e9 de Robert Linas<\/em><\/p>\n<p style=\"text-align: justify;\"><a href=\"https:\/\/www.o-p-i.fr\/parlonsen\/agenda\/\"><strong>Retrouvez tous les \u00e9v\u00e8nements dans l&rsquo;agenda !<\/strong><\/a><\/p>\n","protected":false},"excerpt":{"rendered":"<div class=\"mh-excerpt\">Les A\u00een\u00e9s de L\u00e9ojac et des environs organisent un th\u00e9 dansant anim\u00e9 par l&rsquo;orchestre Bellsonic ce Jeudi 15 Septembre 2011 \u00e0 partir de 14h, \u00e0 la salle des f\u00eates.<\/div>\n","protected":false},"author":2,"featured_media":0,"comment_status":"open","ping_status":"open","sticky":false,"template":"","format":"standard","meta":{"om_disable_all_campaigns":false,"advanced_seo_description":"","jetpack_seo_html_title":"","jetpack_seo_noindex":false,"_jetpack_memberships_contains_paid_content":false,"footnotes":"","_links_to":"","_links_to_target":""},"categories":[30,54,1050],"tags":[80,82,84],"class_list":{"0":"post-9374","1":"post","2":"type-post","3":"status-publish","4":"format-standard","6":"category-leojac","7":"category-loisirs","8":"category-n-65-septembre-2011","9":"tag-the-dansant","10":"tag-aines","11":"tag-danse"},"jetpack_featured_media_url":"","views":{"total":0,"cached_at":"","cached_date":1738507862},"jetpack_likes_enabled":true,"jetpack_sharing_enabled":true,"jetpack_shortlink":"https:\/\/wp.me\/pg7Wxj-2rc","jetpack-related-posts":[],"_links":{"self":[{"href":"https:\/\/www.o-p-i.fr\/parlonsen\/wp-json\/wp\/v2\/posts\/9374","targetHints":{"allow":["GET"]}}],"collection":[{"href":"https:\/\/www.o-p-i.fr\/parlonsen\/wp-json\/wp\/v2\/posts"}],"about":[{"href":"https:\/\/www.o-p-i.fr\/parlonsen\/wp-json\/wp\/v2\/types\/post"}],"author":[{"embeddable":true,"href":"https:\/\/www.o-p-i.fr\/parlonsen\/wp-json\/wp\/v2\/users\/2"}],"replies":[{"embeddable":true,"href":"https:\/\/www.o-p-i.fr\/parlonsen\/wp-json\/wp\/v2\/comments?post=9374"}],"version-history":[{"count":0,"href":"https:\/\/www.o-p-i.fr\/parlonsen\/wp-json\/wp\/v2\/posts\/9374\/revisions"}],"wp:attachment":[{"href":"https:\/\/www.o-p-i.fr\/parlonsen\/wp-json\/wp\/v2\/media?parent=9374"}],"wp:term":[{"taxonomy":"category","embeddable":true,"href":"https:\/\/www.o-p-i.fr\/parlonsen\/wp-json\/wp\/v2\/categories?post=9374"},{"taxonomy":"post_tag","embeddable":true,"href":"https:\/\/www.o-p-i.fr\/parlonsen\/wp-json\/wp\/v2\/tags?post=9374"}],"curies":[{"name":"wp","href":"https:\/\/api.w.org\/{rel}","templated":true}]}}