{"id":943,"date":"2009-11-03T20:25:21","date_gmt":"2009-11-03T18:25:21","guid":{"rendered":"\/parlonsen\/?p=943"},"modified":"2009-11-06T12:38:25","modified_gmt":"2009-11-06T10:38:25","slug":"site-7-a-lire-une-visite-simpose","status":"publish","type":"post","link":"https:\/\/www.o-p-i.fr\/parlonsen\/parlons-en\/culture\/site-7-a-lire-une-visite-simpose\/","title":{"rendered":"Site 7 \u00e0 lire ! Une visite s&rsquo;impose !"},"content":{"rendered":"<p style=\"text-align: justify;\">Voil\u00e0 un an que l&rsquo;association \u00ab\u00a0<a href=\"https:\/\/www.o-p-i.fr\/7alire\/auteurs-contemporains\/\" target=\"_self\"><span style=\"color: #ff6600;\"><strong>Autriche et Pays d&rsquo;Oc<\/strong><\/span><\/a>\u00a0\u00bb a cr\u00e9\u00e9 le site internet <a href=\"https:\/\/www.o-p-i.fr\/7alire\/\" target=\"_self\"><strong><span style=\"color: #ff6600;\">7 \u00e0 lire !<\/span><\/strong><\/a>. Rien d&rsquo;original car de nombreuses associations en ont. L&rsquo;originalit\u00e9 vient du contenu : en priorit\u00e9, la rubrique \u00ab\u00a0Auteurs contemporains\u00a0\u00bb qui pr\u00e9sente plus de 60 auteurs et leurs ouvrages, salons du livre et d\u00e9dicaces, actualit\u00e9s&#8230; <!--more--><\/p>\n<p style=\"text-align: justify;\">Visitez le site <a href=\"https:\/\/www.o-p-i.fr\/7alire\/\" target=\"_self\"><strong><span style=\"color: #ff6600;\">7 \u00e0 lire !<\/span><\/strong><\/a> et dialoguez avec les auteurs de votre choix, cela est possible, ils vous donnent toutes leurs coordonn\u00e9es sur le site.<\/p>\n<p style=\"text-align: justify;\"><a href=\"https:\/\/www.o-p-i.fr\/7alire\/\" target=\"_self\"><strong><span style=\"color: #ff6600;\">7 \u00e0 lire !<\/span><\/strong><\/a> a aussi une abondante <a href=\"https:\/\/www.o-p-i.fr\/7alire\/category\/occitanie\/\" target=\"_self\"><strong><span style=\"color: #ff6600;\">rubrique occitane<\/span><\/strong><\/a> avec l&rsquo;actualit\u00e9 (I cal anar! \/ 7 \u00e0 savoir ! Ont anar !), mais aussi un m\u00e9moire d&rsquo;universit\u00e9 d&rsquo;un \u00e9tudiant Irlandais, le texte d&rsquo;une conf\u00e9rence du Professeur Peter CICHON de l&rsquo;Universit\u00e9 de Langues Romanes de Vienne, la pr\u00e9sentation de  \u00ab\u00a0Tarn e Garona Occitan Association Fr\u00e9d\u00e9ric CAYROU\u00a0\u00bb&#8230;<\/p>\n<p style=\"text-align: justify;\">Auteurs contemporains, Occitanie&#8230;. mais aussi \u00ab\u00a0<a href=\"https:\/\/www.o-p-i.fr\/7alire\/category\/inscription-partie-famille-daccueil\/\" target=\"_self\"><span style=\"color: #ff6600;\"><strong>Accueil d&rsquo;\u00e9tudiants \u00e9trangers dans des familles b\u00e9n\u00e9voles<\/strong><\/span><\/a>\u00a0\u00bb : plus de 400 \u00e9tudiantes accueillies en 15 ans ! des \u00e9tudiantes qui ont aid\u00e9 les jeunes dans l&rsquo;apprentissage des langues vivantes.<br \/>\nPar ailleurs des <span style=\"color: #ff6600;\"><strong>l<\/strong><strong>iens bien s\u00e9lectionn\u00e9s<\/strong><\/span> permettent aux visiteurs de se rendre avec beaucoup de facilit\u00e9 sur des sites compl\u00e9mentaires \u00e0\u00a0<a href=\"https:\/\/www.o-p-i.fr\/7alire\/\" target=\"_self\"><strong><span style=\"color: #ff6600;\">7 \u00e0 lire !<\/span><\/strong><\/a><strong><span style=\"color: #ff6600;\"> <\/span><\/strong>ou abordant d&rsquo;autres domaines comme le tourisme ou la gastronomie.<\/p>\n<p style=\"text-align: justify;\">7 \u00e0 lire ! 7 passionnant ! 7 gratuit ! 7 important ! 7 une porte ouverte sur la culture et sur un monde meilleur. <span style=\"color: #ff6600;\"><strong>Ensemble construisons l&rsquo;Europe des c\u0153urs !<\/strong><\/span> Tel est le slogan d&rsquo;Autriche et Pays d&rsquo;Oc.<\/p>\n<p style=\"text-align: justify;\"><strong>Contact : Rob\u00e8rt Ivan Lin\u00e0s <\/strong><\/p>\n<p style=\"text-align: justify;\">1595 Route de Bellegarde<br \/>\n82230 L\u00e9ojac<\/p>\n<p style=\"text-align: justify;\"><strong>T\u00e9l. : <\/strong>05 63 64 57 27\u00a0 ou 06 71 00 29 25 <strong><br \/>\nCourriel : <\/strong>journalrobert@wanadoo.fr<\/p>\n<p style=\"text-align: justify;\"><strong><br \/>\nSite : <\/strong><a href=\"https:\/\/www.o-p-i.fr\/7alire\/\">www.o-p-i.fr\/7alire\/<\/a><\/p>\n","protected":false},"excerpt":{"rendered":"<div class=\"mh-excerpt\">Voil\u00e0 un an que l&rsquo;association \u00ab\u00a0Autriche et Pays d&rsquo;Oc\u00a0\u00bb a cr\u00e9\u00e9 le site internet 7 \u00e0 lire !. Rien d&rsquo;original car de nombreuses associations en ont. L&rsquo;originalit\u00e9 vient du contenu : en priorit\u00e9, la rubrique <a class=\"mh-excerpt-more\" href=\"https:\/\/www.o-p-i.fr\/parlonsen\/parlons-en\/culture\/site-7-a-lire-une-visite-simpose\/\" title=\"Site 7 \u00e0 lire ! Une visite s&rsquo;impose !\">[&#8230;]<\/a><\/div>\n","protected":false},"author":8,"featured_media":0,"comment_status":"open","ping_status":"open","sticky":false,"template":"","format":"standard","meta":{"om_disable_all_campaigns":false,"advanced_seo_description":"","jetpack_seo_html_title":"","jetpack_seo_noindex":false,"_jetpack_memberships_contains_paid_content":false,"footnotes":"","_links_to":"","_links_to_target":""},"categories":[23,42,1,30,54,141],"tags":[126,127,128],"class_list":{"0":"post-943","1":"post","2":"type-post","3":"status-publish","4":"format-standard","6":"category-au-dela-du-pays","7":"category-a-cote-de-chez-nous","8":"category-culture","9":"category-leojac","10":"category-loisirs","11":"category-n-43","12":"tag-7-a-lire","13":"tag-actualites-litteraires","14":"tag-autriche-et-pays-doc"},"jetpack_featured_media_url":"","views":{"total":0,"cached_at":"","cached_date":1738527537},"jetpack_likes_enabled":true,"jetpack_sharing_enabled":true,"jetpack_shortlink":"https:\/\/wp.me\/pg7Wxj-fd","jetpack-related-posts":[],"_links":{"self":[{"href":"https:\/\/www.o-p-i.fr\/parlonsen\/wp-json\/wp\/v2\/posts\/943","targetHints":{"allow":["GET"]}}],"collection":[{"href":"https:\/\/www.o-p-i.fr\/parlonsen\/wp-json\/wp\/v2\/posts"}],"about":[{"href":"https:\/\/www.o-p-i.fr\/parlonsen\/wp-json\/wp\/v2\/types\/post"}],"author":[{"embeddable":true,"href":"https:\/\/www.o-p-i.fr\/parlonsen\/wp-json\/wp\/v2\/users\/8"}],"replies":[{"embeddable":true,"href":"https:\/\/www.o-p-i.fr\/parlonsen\/wp-json\/wp\/v2\/comments?post=943"}],"version-history":[{"count":0,"href":"https:\/\/www.o-p-i.fr\/parlonsen\/wp-json\/wp\/v2\/posts\/943\/revisions"}],"wp:attachment":[{"href":"https:\/\/www.o-p-i.fr\/parlonsen\/wp-json\/wp\/v2\/media?parent=943"}],"wp:term":[{"taxonomy":"category","embeddable":true,"href":"https:\/\/www.o-p-i.fr\/parlonsen\/wp-json\/wp\/v2\/categories?post=943"},{"taxonomy":"post_tag","embeddable":true,"href":"https:\/\/www.o-p-i.fr\/parlonsen\/wp-json\/wp\/v2\/tags?post=943"}],"curies":[{"name":"wp","href":"https:\/\/api.w.org\/{rel}","templated":true}]}}