{"id":9441,"date":"2011-09-19T17:33:48","date_gmt":"2011-09-19T15:33:48","guid":{"rendered":"\/parlonsen\/?p=9441"},"modified":"2011-09-19T17:42:40","modified_gmt":"2011-09-19T15:42:40","slug":"la-reprise-des-thes-dansants-a-leojac","status":"publish","type":"post","link":"https:\/\/www.o-p-i.fr\/parlonsen\/localisation\/au-pays-des-tescous\/leojac\/la-reprise-des-thes-dansants-a-leojac\/","title":{"rendered":"La reprise des Th\u00e9s dansants &#8230; \u00e0 L\u00e9ojac"},"content":{"rendered":"<p>Apr\u00e8s une pause estivale en juillet et ao\u00fbt, ce jeudi 15 septembre \u00e9tait la reprise des th\u00e9s dansants pour le club des  A\u00een\u00e9s de L\u00e9ojac et des environs. <!--more--><\/p>\n<figure id=\"attachment_9443\" aria-describedby=\"caption-attachment-9443\" style=\"width: 300px\" class=\"wp-caption alignright\"><a href=\"https:\/\/i0.wp.com\/www.o-p-i.fr\/parlonsen\/wp-content\/uploads\/bellsonic.jpg?ssl=1\"><img data-recalc-dims=\"1\" loading=\"lazy\" decoding=\"async\" class=\"size-full wp-image-9443\" title=\"Les talentueux musiciens et chanteur du groupe Bellsonic.\" src=\"https:\/\/i0.wp.com\/www.o-p-i.fr\/parlonsen\/wp-content\/uploads\/bellsonic.jpg?resize=300%2C150&#038;ssl=1\" alt=\"Les talentueux musiciens et chanteur du groupe Bellsonic.\" width=\"300\" height=\"150\" \/><\/a><figcaption id=\"caption-attachment-9443\" class=\"wp-caption-text\">Les talentueux musiciens et chanteur du groupe Bellsonic.<\/figcaption><\/figure>\n<figure id=\"attachment_9444\" aria-describedby=\"caption-attachment-9444\" style=\"width: 300px\" class=\"wp-caption alignright\"><a href=\"https:\/\/i0.wp.com\/www.o-p-i.fr\/parlonsen\/wp-content\/uploads\/danse1.jpg?ssl=1\"><img data-recalc-dims=\"1\" loading=\"lazy\" decoding=\"async\" class=\"size-full wp-image-9444\" title=\"Les danseurs s'en sont donn\u00e9s \u00e0 c\u0153ur joie.\" src=\"https:\/\/i0.wp.com\/www.o-p-i.fr\/parlonsen\/wp-content\/uploads\/danse1.jpg?resize=300%2C150&#038;ssl=1\" alt=\"Les danseurs s'en sont donn\u00e9s \u00e0 c\u0153ur joie.\" width=\"300\" height=\"150\" \/><\/a><figcaption id=\"caption-attachment-9444\" class=\"wp-caption-text\">Les danseurs s&#39;en sont donn\u00e9s \u00e0 c\u0153ur joie.<\/figcaption><\/figure>\n<p style=\"text-align: justify;\">Pour ce premier th\u00e9 dansant de la saison, c&rsquo;est l&rsquo;orchestre Bellsonic qui a \u00e9t\u00e9 convi\u00e9 pour l&rsquo;animation musicale. Et les danseurs s&rsquo;en sont donn\u00e9s \u00e0 c\u0153ur joie !<\/p>\n<p style=\"text-align: justify;\"><span style=\"color: #333300;\"><strong>L&rsquo;association des A\u00een\u00e9s organise un th\u00e9 dansant tous les 3\u00e8me jeudis du mois.<\/strong><\/span> Notez donc bien la date du prochain rendez vous : Jeudi 20 Octobre 2011 avec les Copains du Musette.<\/p>\n<p><span style=\"color: #333300;\"><strong>Vide Greniers : <\/strong><\/span>nos dynamiques A\u00een\u00e9s organisent aussi un vide greniers, dimanche 2 octobre \u00e0 partir de 8 heures \u00e0 la salle des f\u00eates et sur le parking.<\/p>\n<p><span style=\"color: #333300;\"><strong>Contact  :<\/strong><\/span><br \/>\nT\u00e9l. : 05 63 67 55 25  \/ 05 63 63 56 70<\/p>\n<p><em>Communiqu\u00e9 et photos : Robert Linas Autriche et Pays d&rsquo;Oc<\/em><\/p>\n<p><a href=\"https:\/\/www.o-p-i.fr\/parlonsen\/agenda\/\"><strong>Retrouvez tous les \u00e9v\u00e8nements dans l&rsquo;agenda !<\/strong><\/a><\/p>\n","protected":false},"excerpt":{"rendered":"<div class=\"mh-excerpt\">Apr\u00e8s une pause estivale en juillet et ao\u00fbt, ce jeudi 15 septembre \u00e9tait la reprise des th\u00e9s dansants pour le club des A\u00een\u00e9s de L\u00e9ojac et des environs.<\/div>\n","protected":false},"author":2,"featured_media":0,"comment_status":"open","ping_status":"open","sticky":false,"template":"","format":"standard","meta":{"om_disable_all_campaigns":false,"advanced_seo_description":"","jetpack_seo_html_title":"","jetpack_seo_noindex":false,"_jetpack_memberships_contains_paid_content":false,"footnotes":"","_links_to":"","_links_to_target":""},"categories":[30,54,648,1050],"tags":[2553,80,82],"class_list":{"0":"post-9441","1":"post","2":"type-post","3":"status-publish","4":"format-standard","6":"category-leojac","7":"category-loisirs","8":"category-cest-la-rentree","9":"category-n-65-septembre-2011","10":"tag-leojac","11":"tag-the-dansant","12":"tag-aines"},"jetpack_featured_media_url":"","views":{"total":0,"cached_at":"","cached_date":1738501606},"jetpack_likes_enabled":true,"jetpack_sharing_enabled":true,"jetpack_shortlink":"https:\/\/wp.me\/pg7Wxj-2sh","jetpack-related-posts":[],"_links":{"self":[{"href":"https:\/\/www.o-p-i.fr\/parlonsen\/wp-json\/wp\/v2\/posts\/9441","targetHints":{"allow":["GET"]}}],"collection":[{"href":"https:\/\/www.o-p-i.fr\/parlonsen\/wp-json\/wp\/v2\/posts"}],"about":[{"href":"https:\/\/www.o-p-i.fr\/parlonsen\/wp-json\/wp\/v2\/types\/post"}],"author":[{"embeddable":true,"href":"https:\/\/www.o-p-i.fr\/parlonsen\/wp-json\/wp\/v2\/users\/2"}],"replies":[{"embeddable":true,"href":"https:\/\/www.o-p-i.fr\/parlonsen\/wp-json\/wp\/v2\/comments?post=9441"}],"version-history":[{"count":0,"href":"https:\/\/www.o-p-i.fr\/parlonsen\/wp-json\/wp\/v2\/posts\/9441\/revisions"}],"wp:attachment":[{"href":"https:\/\/www.o-p-i.fr\/parlonsen\/wp-json\/wp\/v2\/media?parent=9441"}],"wp:term":[{"taxonomy":"category","embeddable":true,"href":"https:\/\/www.o-p-i.fr\/parlonsen\/wp-json\/wp\/v2\/categories?post=9441"},{"taxonomy":"post_tag","embeddable":true,"href":"https:\/\/www.o-p-i.fr\/parlonsen\/wp-json\/wp\/v2\/tags?post=9441"}],"curies":[{"name":"wp","href":"https:\/\/api.w.org\/{rel}","templated":true}]}}