{"id":9455,"date":"2011-09-19T18:41:18","date_gmt":"2011-09-19T16:41:18","guid":{"rendered":"\/parlonsen\/?p=9455"},"modified":"2011-09-19T18:48:32","modified_gmt":"2011-09-19T16:48:32","slug":"operation-cueill%e2%80%99-ta-pom%e2%80%99-%e2%80%a6-a-saint-nauphary","status":"publish","type":"post","link":"https:\/\/www.o-p-i.fr\/parlonsen\/parlons-en\/agriculture\/operation-cueill%e2%80%99-ta-pom%e2%80%99-%e2%80%a6-a-saint-nauphary\/","title":{"rendered":"Op\u00e9ration Cueill\u2019 ta Pom\u2019 \u2026 \u00e0 Saint Nauphary"},"content":{"rendered":"<p style=\"text-align: justify;\">Suite au succ\u00e8s de l\u2019op\u00e9ration \u00ab<a title=\"Voir l'article dans Parlons En\" href=\"https:\/\/www.o-p-i.fr\/parlonsen\/parlons-en\/agriculture\/operation-cueill-ta-pom-a-saint-nauphary\/\" target=\"_self\">Vergers ouverts<\/a>\u00bb organis\u00e9e en Aout 2011 et compte tenu de l\u2019avance de maturit\u00e9 de cette ann\u00e9e, la cueillette de la pomme ARIANE, initialement pr\u00e9vu pour les 1er et 2 octobre 2011, aura lieu les<span style=\"color: #333300;\"> <strong>Samedi 24 et Dimanche 25 Septembre 2011<\/strong> <\/span>dans le verger de Marie Claire et Jean BERTRAND .<!--more--><\/p>\n<figure id=\"attachment_9456\" aria-describedby=\"caption-attachment-9456\" style=\"width: 400px\" class=\"wp-caption alignright\"><a href=\"https:\/\/i0.wp.com\/www.o-p-i.fr\/parlonsen\/wp-content\/uploads\/cueill-ta-pom.jpg?ssl=1\"><img data-recalc-dims=\"1\" loading=\"lazy\" decoding=\"async\" class=\"size-full wp-image-9456\" title=\"Saint-Nauphary (82)\" src=\"https:\/\/i0.wp.com\/www.o-p-i.fr\/parlonsen\/wp-content\/uploads\/cueill-ta-pom.jpg?resize=400%2C280&#038;ssl=1\" alt=\"Saint-Nauphary (82)\" width=\"400\" height=\"280\" srcset=\"https:\/\/i0.wp.com\/www.o-p-i.fr\/parlonsen\/wp-content\/uploads\/cueill-ta-pom.jpg?w=400&amp;ssl=1 400w, https:\/\/i0.wp.com\/www.o-p-i.fr\/parlonsen\/wp-content\/uploads\/cueill-ta-pom.jpg?resize=300%2C210&amp;ssl=1 300w\" sizes=\"auto, (max-width: 400px) 100vw, 400px\" \/><\/a><figcaption id=\"caption-attachment-9456\" class=\"wp-caption-text\">Saint-Nauphary (82)<\/figcaption><\/figure>\n<p style=\"text-align: justify;\">Cette pomme r\u00e9sistante \u00e0 la tavelure (maladie du pommier) est de plus en plus appr\u00e9ci\u00e9e pour son gout \u00e0 la fois sucr\u00e9 et acidul\u00e9. Elle est parfaite pour \u00e9veiller le sens de vos papilles \u00e0 quelques jours de la semaine du gout. Elle est \u00e9galement tr\u00e8s bonne en plats  cuisin\u00e9s et desserts.<\/p>\n<p style=\"text-align: justify;\">L\u2019itin\u00e9raire sera fl\u00e9ch\u00e9 \u00e0 partir du village de Saint Nauphary<\/p>\n<p>Pensez \u00e0 vos emballages.<\/p>\n<p>Pr\u00e9sence assur\u00e9e de 8 heures \u00e0 20 heures.<\/p>\n<p><span style=\"color: #003300;\"><strong>Contact : <\/strong><\/span>Marie-Claire et Jean Bertrand<br \/>\nT\u00e9l. : 05 63 67 84 60<\/p>\n<p><em>Communiqu\u00e9 et photo de\u00a0 Marie-Claire et Jean Bertrand<\/em><\/p>\n<p><strong><span style=\"color: #333300;\">En savoir + sur &#8230;<\/span><br \/>\nLa Pomme Ariane : <a title=\"Ouvre le site dans une nouvelle fen\u00eatre\" href=\"http:\/\/fr.wikipedia.org\/wiki\/Ariane_%28pomme%29\" target=\"_blank\">sur Wikip\u00e9dia<\/a><br \/>\n<\/strong><\/p>\n<p><a href=\"https:\/\/www.o-p-i.fr\/parlonsen\/agenda\/\"><strong>Retrouvez tous les \u00e9v\u00e8nements dans l&rsquo;agenda !<\/strong><\/a><\/p>\n","protected":false},"excerpt":{"rendered":"<div class=\"mh-excerpt\">Suite au succ\u00e8s de l\u2019op\u00e9ration \u00abVergers ouverts\u00bb organis\u00e9e en Aout 2011 et compte tenu de l\u2019avance de maturit\u00e9 de cette ann\u00e9e, la cueillette de la pomme ARIANE, initialement pr\u00e9vu pour les 1er et 2 octobre <a class=\"mh-excerpt-more\" href=\"https:\/\/www.o-p-i.fr\/parlonsen\/parlons-en\/agriculture\/operation-cueill%e2%80%99-ta-pom%e2%80%99-%e2%80%a6-a-saint-nauphary\/\" title=\"Op\u00e9ration Cueill\u2019 ta Pom\u2019 \u2026 \u00e0 Saint Nauphary\">[&#8230;]<\/a><\/div>\n","protected":false},"author":2,"featured_media":0,"comment_status":"open","ping_status":"open","sticky":false,"template":"","format":"standard","meta":{"om_disable_all_campaigns":false,"advanced_seo_description":"","jetpack_seo_html_title":"","jetpack_seo_noindex":false,"_jetpack_memberships_contains_paid_content":false,"footnotes":"","_links_to":"","_links_to_target":""},"categories":[3,4,54,704,6,17,1050],"tags":[74,2542,75,652],"class_list":{"0":"post-9455","1":"post","2":"type-post","3":"status-publish","4":"format-standard","6":"category-agriculture","7":"category-commerce","8":"category-loisirs","9":"category-cest-lautomne","10":"category-pratique","11":"category-saint_nauphary","12":"category-n-65-septembre-2011","13":"tag-cueill-ta-pom","14":"tag-saint_nauphary","15":"tag-pommes","16":"tag-cueillette"},"jetpack_featured_media_url":"","views":{"total":0,"cached_at":"","cached_date":1738526128},"jetpack_likes_enabled":true,"jetpack_sharing_enabled":true,"jetpack_shortlink":"https:\/\/wp.me\/pg7Wxj-2sv","jetpack-related-posts":[],"_links":{"self":[{"href":"https:\/\/www.o-p-i.fr\/parlonsen\/wp-json\/wp\/v2\/posts\/9455","targetHints":{"allow":["GET"]}}],"collection":[{"href":"https:\/\/www.o-p-i.fr\/parlonsen\/wp-json\/wp\/v2\/posts"}],"about":[{"href":"https:\/\/www.o-p-i.fr\/parlonsen\/wp-json\/wp\/v2\/types\/post"}],"author":[{"embeddable":true,"href":"https:\/\/www.o-p-i.fr\/parlonsen\/wp-json\/wp\/v2\/users\/2"}],"replies":[{"embeddable":true,"href":"https:\/\/www.o-p-i.fr\/parlonsen\/wp-json\/wp\/v2\/comments?post=9455"}],"version-history":[{"count":0,"href":"https:\/\/www.o-p-i.fr\/parlonsen\/wp-json\/wp\/v2\/posts\/9455\/revisions"}],"wp:attachment":[{"href":"https:\/\/www.o-p-i.fr\/parlonsen\/wp-json\/wp\/v2\/media?parent=9455"}],"wp:term":[{"taxonomy":"category","embeddable":true,"href":"https:\/\/www.o-p-i.fr\/parlonsen\/wp-json\/wp\/v2\/categories?post=9455"},{"taxonomy":"post_tag","embeddable":true,"href":"https:\/\/www.o-p-i.fr\/parlonsen\/wp-json\/wp\/v2\/tags?post=9455"}],"curies":[{"name":"wp","href":"https:\/\/api.w.org\/{rel}","templated":true}]}}