{"id":952,"date":"2009-11-03T20:15:17","date_gmt":"2009-11-03T18:15:17","guid":{"rendered":"\/parlonsen\/?p=952"},"modified":"2010-12-08T22:07:37","modified_gmt":"2010-12-08T20:07:37","slug":"noel-se-prepare-au-pays-des-tescous","status":"publish","type":"post","link":"https:\/\/www.o-p-i.fr\/parlonsen\/parlons-en\/commerce\/noel-se-prepare-au-pays-des-tescous\/","title":{"rendered":"No\u00ebl se pr\u00e9pare au Pays des Tescou&rsquo;s !"},"content":{"rendered":"<p style=\"text-align: justify;\"><span class=\"first\">E<\/span>ntre la derni\u00e8re semaine du mois de novembre et les premiers jours de l\u2019Avent, nos villages accueillent les march\u00e9s de No\u00ebl. Tradition ancestrale qui \u00e9voque avant l\u2019heure la magie de No\u00ebl, c\u2019est aussi l\u2019occasion pour les gourmands de se r\u00e9galer des sp\u00e9cialit\u00e9s de nos r\u00e9gions et de\u00a0 commencer \u00e0 pr\u00e9parer le R\u00e9veillon. Voil\u00e0 quelques manifestations qui sauront vous faire patienter jusqu&rsquo;au jour J ! <!--more--><\/p>\n<ul>\n<li><span style=\"text-decoration: underline;\"><span style=\"color: #ff0000;\"><strong>Vide Grenier des Jouets :<\/strong><\/span><\/span><\/li>\n<\/ul>\n<p style=\"text-align: justify;\">&#8211; L&rsquo;Office de Tourisme du Quercy Vert (<strong><span style=\"color: #008000;\">Monclar de Quercy<\/span><\/strong>) organise un <strong>vide grenier des jouets et d\u00e9corations de No\u00eb<\/strong>l le <strong>Samedi 28 Novembre<\/strong> de 9h \u00e0 17h30 dans la salle polyvalente des lacs.<br \/>\nD\u00e8s \u00e0 pr\u00e9sent, r\u00e9servez votre emplacement !<\/p>\n<p style=\"text-align: justify;\"><strong>Contact : <a href=\"https:\/\/www.o-p-i.fr\/aupays\/nos-villages\/monclar-de-quercy\/en-pratique-a-monclar-de-quercy#office\">Office du Tourisme du Quercy Vert<\/a><\/strong><\/p>\n<p><span style=\"color: #ff0000;\">****************************************************************************<\/span><\/p>\n<p style=\"text-align: justify;\"><strong>&#8211; <\/strong>Le<strong> Samedi 5 D\u00e9cembre <\/strong>de 10h \u00e0 17h<strong>, Bourse aux jouets et v\u00eatements<\/strong> <span style=\"color: #000000;\">\u00e0<\/span><span style=\"color: #000000;\"> <\/span><span style=\"color: #008000;\"><span style=\"color: #000000;\">la Salle des F\u00eates de<\/span><\/span><strong><span style=\"color: #008000;\"> Villebrumier <\/span><\/strong><span style=\"color: #008000;\"><span style=\"color: #000000;\">organis\u00e9e par l&rsquo;APE.<\/span><\/span><strong><span style=\"color: #008000;\"><br \/>\n<\/span><\/strong><span style=\"color: #000000;\">Cr\u00eapes, g\u00e2teaux, caf\u00e9, chocolat chaud ! Les b\u00e9n\u00e9fices de la buvette seront revers\u00e9s au T\u00e9l\u00e9thon.<\/span><strong><\/strong><\/p>\n<p style=\"text-align: justify;\"><strong>R\u00e9servations avant le 2 D\u00e9cembre (2.50 \u20ac la table)<\/strong><\/p>\n<p style=\"text-align: justify;\"><strong>Contact : Mme Smaniotto<br \/>\nT\u00e9l. : <\/strong>05 63 30 08 62 (entre 17h30 et 20h30)<\/p>\n<p><span style=\"color: #ff0000;\">****************************************************************************<\/span><\/p>\n<p>&#8211; L&rsquo;Amicale des Parents d&rsquo;El\u00e8ves de <span style=\"color: #008000;\"><strong>Saint-Nauphary<\/strong><\/span> organise une<strong> bourse aux jouets <\/strong>le <strong>Dimanche 6 D\u00e9cembre<\/strong>, \u00e0 partir de 14h.<br \/>\nBuvette, restauration et pr\u00e9sence du P\u00e8re No\u00ebl. Entr\u00e9e Gratuite. Salle des F\u00eates.<\/p>\n<p><a href=\"https:\/\/www.o-p-i.fr\/aupays\/vie-des-communes\/vie-a-montgaillard\/bourse-aux-jouets\/\" target=\"_self\">En savoir +<\/a><\/p>\n<p><span style=\"color: #ff0000;\">****************************************************************************<\/span><\/p>\n<p><strong><\/strong><\/p>\n<p style=\"text-align: justify;\">&#8211; L&rsquo;association des parents d&rsquo;El\u00e8ves du RPI Beauvais-Montgaillard-Tauriac organise une <strong>bourse aux jouets<\/strong>, v\u00eatements neufs et d&rsquo;occasion, pu\u00e9riculture, le <strong>Dimanche 6 D\u00e9cembre<\/strong> de 10h \u00e0 17h \u00e0 la salle des f\u00eates de <strong><span style=\"color: #008000;\">Montgaillard<\/span><\/strong>.<\/p>\n<p><span style=\"color: #ff0000;\">****************************************************************************<\/span><\/p>\n<ul>\n<li><span style=\"text-decoration: underline;\"><strong><span style=\"color: #ff0000;\">March\u00e9s de l&rsquo;avent :<\/span><\/strong><\/span><\/li>\n<\/ul>\n<div class=\"mceTemp\" style=\"text-align: justify;\">\n<dl id=\"attachment_963\" class=\"wp-caption alignleft\" style=\"width: 173px;\">\n<dt class=\"wp-caption-dt\"><img data-recalc-dims=\"1\" loading=\"lazy\" decoding=\"async\" class=\"size-medium wp-image-963\" title=\"No\u00ebl se pr\u00e9pare ...\" src=\"https:\/\/i0.wp.com\/www.o-p-i.fr\/parlonsen\/wp-content\/uploads\/marche_noel_monclar.jpg?resize=163%2C231&#038;ssl=1\" alt=\"No\u00ebl se pr\u00e9pare ...\" width=\"163\" height=\"231\" srcset=\"https:\/\/i0.wp.com\/www.o-p-i.fr\/parlonsen\/wp-content\/uploads\/marche_noel_monclar.jpg?resize=212%2C300&amp;ssl=1 212w, https:\/\/i0.wp.com\/www.o-p-i.fr\/parlonsen\/wp-content\/uploads\/marche_noel_monclar.jpg?w=424&amp;ssl=1 424w\" sizes=\"auto, (max-width: 163px) 100vw, 163px\" \/><\/dt>\n<dd class=\"wp-caption-dd\" style=\"text-align: center;\">No\u00ebl se pr\u00e9pare &#8230;<\/dd>\n<\/dl>\n<\/div>\n<p style=\"text-align: justify;\"><span style=\"color: #008000;\"><strong>Monclar de Quercy<\/strong> <\/span><\/p>\n<p style=\"text-align: justify;\"><strong>Dimanche 13 D\u00e9cembre de 9 h \u00e0 13h <\/strong>: March\u00e9 de No\u00ebl : artisanat divers, stands des \u00e9coles et de Familles Rurales (CLAE), cr\u00eapes, vin chaud&#8230;<br \/>\n\u00e0 11h : conte pour les enfants \u00e0 la Biblioth\u00e8que par les Petites Mamies.<br \/>\n<strong>Tombola<\/strong> : Venez tenter de gagner la <span style=\"color: #800000;\"><strong>Maison du P\u00e8re No\u00ebl en pain d&rsquo;\u00e9pice<\/strong><\/span> !<\/p>\n<p style=\"text-align: justify;\"><strong>Contact : Les TRUFFES (T\u00e9l. : 05 63 40 55 41)<\/strong><\/p>\n<p style=\"text-align: justify;\"><span style=\"color: #008000;\"><strong> <\/strong><\/span><\/p>\n<p style=\"text-align: justify;\"><strong><\/p>\n<figure style=\"width: 192px\" class=\"wp-caption alignright\"><img data-recalc-dims=\"1\" loading=\"lazy\" decoding=\"async\" title=\"... au Pays des Tescous\" src=\"https:\/\/i0.wp.com\/www.o-p-i.fr\/aupays\/wp-content\/uploads\/marche_noel_salvagnac.jpg?resize=192%2C272&#038;ssl=1\" alt=\"... au Pays des Tescous\" width=\"192\" height=\"272\" \/><figcaption class=\"wp-caption-text\">... au Pays des Tescou&#39;s<\/figcaption><\/figure>\n<p><\/strong><\/p>\n<p style=\"text-align: justify;\"><span style=\"color: #008000;\"><strong>Salvagnac<\/strong><\/span><\/p>\n<p style=\"text-align: justify;\"><strong>Dimanche 20<\/strong> <strong>D\u00e9cembre <\/strong>:\u00a0 Animations du village<strong><span style=\"color: #008000;\"> <\/span><\/strong>sous la halle de la mairie et autour du village. Organis\u00e9 par l\u2019association des commer\u00e7ants du Pays Salvagnacois avec le soutien de la communaut\u00e9 britannique.<br \/>\nde 10 \u00e0 13 h : march\u00e9 de No\u00ebl et promenade en cal\u00e8che<br \/>\n\u00e0 16 h : \u00e0 la salle du Billard \u00ab\u00a0Contes d&rsquo;hiver\u00a0\u00bb avec la compagnie Rideau rouge suivi d&rsquo;un go\u00fbter de No\u00ebl.<\/p>\n<p style=\"text-align: justify;\"><strong>Contact : <a href=\"https:\/\/www.o-p-i.fr\/aupays\/annuaire\/en-pratique-a-salvagnac#office\" target=\"_self\">Office du Tourisme du Pays Salvagnacois<\/a><\/strong><\/p>\n<p style=\"text-align: justify;\"><strong><span style=\"color: #008000;\">Nohic<\/span><\/strong><\/p>\n<p><strong>March\u00e9 de No\u00ebl au Ch\u00e2teau Royer Lafontaine<\/strong><\/p>\n<p><strong>Samedi 19 D\u00e9cembre<\/strong> apr\u00e8s midi et nocturne : soir\u00e9e repas &#8211; concert avec Gratt&rsquo; de la Patt&rsquo;<\/p>\n<p><strong>Dimanche 20 D\u00e9cembre <\/strong>toute la journ\u00e9e<\/p>\n<p><strong>Contact <\/strong>: Sandrine TURROQUES (T\u00e9l. : 05 63 68 01 41)<\/p>\n<p><span style=\"color: #ff0000;\">****************************************************************************<\/span><\/p>\n<ul>\n<li><span style=\"text-decoration: underline;\"><span style=\"color: #ff0000;\"><strong>March\u00e9 au Gras<\/strong><\/span><\/span><\/li>\n<\/ul>\n<p><span style=\"color: #008000;\"><strong>Monclar de Quercy<\/strong><\/span> : tous les dimanches matins<strong> de D\u00e9cembre \u00e0 F\u00e9vrier<\/strong>,<strong> March\u00e9 au gras<\/strong> sous chapiteau, Place des Capitouls (Mairie).<br \/>\n<em>Emplacement gratuit pour les producteurs.<\/em><\/p>\n<p><strong>Contact : <a href=\"https:\/\/www.o-p-i.fr\/aupays\/nos-villages\/monclar-de-quercy\/en-pratique-a-monclar-de-quercy#office\">Office du Tourisme du Quercy Vert<\/a><\/strong><\/p>\n<p><span style=\"color: #ff0000;\">****************************************************************************<\/span><\/p>\n<ul>\n<li><span style=\"text-decoration: underline;\"><strong><span style=\"color: #ff0000;\">Atelier Cuisine :<\/span><\/strong><\/span><\/li>\n<\/ul>\n<p>Samedi prochain, 12 D\u00e9cembre, <strong>venez pr\u00e9parer votre foie gras mi-cuit pour les f\u00eates<\/strong>.<br \/>\nRDV devant la m\u00e9diath\u00e8que No\u00ebl Richard \u00e0 Vaour \u00e0 14h avec un foie gras cru d&rsquo;environ 500g et une terrine pouvant le contenir.<br \/>\nInscriptions obligatoires (places limit\u00e9es)<\/p>\n<p><strong>Contact : Familles Rurales Vaour<\/strong><br \/>\nT\u00e9l. : 05 63 56 39 23<br \/>\nCourriel : animation.afrv@vaour.net<\/p>\n<p><span style=\"color: #ff0000;\">****************************************************************************<\/span><\/p>\n<p>Retrouvez les bonnes adresses des <span style=\"color: #ff0000;\"><strong>producteurs du terroir<\/strong><\/span> dans l&rsquo;<strong><a href=\"https:\/\/www.o-p-i.fr\/aupays\/annuaire\/annuaire-produits-du-terroir\/\" target=\"_self\">annuaire du Pays<\/a><\/strong><\/p>\n<p><span style=\"color: #ff0000;\">****************************************************************************<\/span><\/p>\n<p style=\"text-align: justify;\"><a href=\"https:\/\/www.o-p-i.fr\/aupays\/au-pays\/agenda\/\">Retrouvez toutes les <strong>manifestations<\/strong> dans l<strong>&lsquo;agenda du Pays<\/strong><\/a><\/p>\n","protected":false},"excerpt":{"rendered":"<div class=\"mh-excerpt\">Entre la derni\u00e8re semaine du mois de novembre et les premiers jours de l\u2019Avent, nos villages accueillent les march\u00e9s de No\u00ebl. Tradition ancestrale qui \u00e9voque avant l\u2019heure la magie de No\u00ebl, c\u2019est aussi l\u2019occasion pour <a class=\"mh-excerpt-more\" href=\"https:\/\/www.o-p-i.fr\/parlonsen\/parlons-en\/commerce\/noel-se-prepare-au-pays-des-tescous\/\" title=\"No\u00ebl se pr\u00e9pare au Pays des Tescou&rsquo;s !\">[&#8230;]<\/a><\/div>\n","protected":false},"author":2,"featured_media":0,"comment_status":"open","ping_status":"open","sticky":false,"template":"","format":"standard","meta":{"om_disable_all_campaigns":false,"advanced_seo_description":"","jetpack_seo_html_title":"","jetpack_seo_noindex":false,"_jetpack_memberships_contains_paid_content":false,"footnotes":"","_links_to":"","_links_to_target":""},"categories":[51,4,16,54,31,775,6,17,25,19,141],"tags":[130,131,138,139,187,212],"class_list":{"0":"post-952","1":"post","2":"type-post","3":"status-publish","4":"format-standard","6":"category-artisanat","7":"category-commerce","8":"category-monclar","9":"category-loisirs","10":"category-montgaillard","11":"category-cest-noel","12":"category-pratique","13":"category-saint_nauphary","14":"category-salvagnac","15":"category-villebrumier","16":"category-n-43","17":"tag-jouets","18":"tag-noel","19":"tag-marche","20":"tag-avent","21":"tag-vaour","22":"tag-cuisine"},"jetpack_featured_media_url":"","views":{"total":0,"cached_at":"","cached_date":1738515183},"jetpack_likes_enabled":true,"jetpack_sharing_enabled":true,"jetpack_shortlink":"https:\/\/wp.me\/pg7Wxj-fm","jetpack-related-posts":[],"_links":{"self":[{"href":"https:\/\/www.o-p-i.fr\/parlonsen\/wp-json\/wp\/v2\/posts\/952","targetHints":{"allow":["GET"]}}],"collection":[{"href":"https:\/\/www.o-p-i.fr\/parlonsen\/wp-json\/wp\/v2\/posts"}],"about":[{"href":"https:\/\/www.o-p-i.fr\/parlonsen\/wp-json\/wp\/v2\/types\/post"}],"author":[{"embeddable":true,"href":"https:\/\/www.o-p-i.fr\/parlonsen\/wp-json\/wp\/v2\/users\/2"}],"replies":[{"embeddable":true,"href":"https:\/\/www.o-p-i.fr\/parlonsen\/wp-json\/wp\/v2\/comments?post=952"}],"version-history":[{"count":0,"href":"https:\/\/www.o-p-i.fr\/parlonsen\/wp-json\/wp\/v2\/posts\/952\/revisions"}],"wp:attachment":[{"href":"https:\/\/www.o-p-i.fr\/parlonsen\/wp-json\/wp\/v2\/media?parent=952"}],"wp:term":[{"taxonomy":"category","embeddable":true,"href":"https:\/\/www.o-p-i.fr\/parlonsen\/wp-json\/wp\/v2\/categories?post=952"},{"taxonomy":"post_tag","embeddable":true,"href":"https:\/\/www.o-p-i.fr\/parlonsen\/wp-json\/wp\/v2\/tags?post=952"}],"curies":[{"name":"wp","href":"https:\/\/api.w.org\/{rel}","templated":true}]}}