{"id":9578,"date":"2011-09-23T14:47:05","date_gmt":"2011-09-23T12:47:05","guid":{"rendered":"\/parlonsen\/?p=9578"},"modified":"2011-09-23T14:47:05","modified_gmt":"2011-09-23T12:47:05","slug":"vide-greniers-des-aines-de-leojac-et-des-environs","status":"publish","type":"post","link":"https:\/\/www.o-p-i.fr\/parlonsen\/parlons-en\/commerce\/vide-greniers-des-aines-de-leojac-et-des-environs\/","title":{"rendered":"Vide greniers des A\u00een\u00e9s de L\u00e9ojac et des environs"},"content":{"rendered":"<p><span style=\"color: #333300;\"><strong>Les A\u00een\u00e9s de L\u00e9ojac et des environs <\/strong><\/span>organisent un grand vide-greniers le <span style=\"color: #333300;\"><strong>Dimanche 2 Octobre 2011<\/strong><\/span>. <!--more--><\/p>\n<figure id=\"attachment_9579\" aria-describedby=\"caption-attachment-9579\" style=\"width: 300px\" class=\"wp-caption alignright\"><a href=\"https:\/\/i0.wp.com\/www.o-p-i.fr\/parlonsen\/wp-content\/uploads\/videgrenier_leojac.jpg?ssl=1\"><img data-recalc-dims=\"1\" loading=\"lazy\" decoding=\"async\" class=\"size-full wp-image-9579\" title=\"L\u00e9ojac (82)\" src=\"https:\/\/i0.wp.com\/www.o-p-i.fr\/parlonsen\/wp-content\/uploads\/videgrenier_leojac.jpg?resize=300%2C225&#038;ssl=1\" alt=\"L\u00e9ojac (82)\" width=\"300\" height=\"225\" \/><\/a><figcaption id=\"caption-attachment-9579\" class=\"wp-caption-text\">L\u00e9ojac (82)<\/figcaption><\/figure>\n<p>Rendez-vous \u00e0 la salle des f\u00eates et sur le\u00a0 parking \u00e0 partir de 8 heures et toute la journ\u00e9e.<\/p>\n<p>Buvette et sandwichs \u00e0 votre disposition.<\/p>\n<p><span style=\"color: #333300;\"><strong>Tarifs Emplacements :<\/strong><\/span><br \/>\nExt\u00e9rieur : 5m X 5 \u00e0  10\u20ac.<br \/>\nInt\u00e9rieur : 4\u20ac le m\u00e8tre lin\u00e9aire  (tables fournies).<\/p>\n<p>Se munir d&rsquo;une pi\u00e8ce d&rsquo;identit\u00e9.<\/p>\n<p><span style=\"color: #333300;\"><strong>Contact : <\/strong><\/span><br \/>\nT\u00e9l. : 05 63 67 55 25  \/ 05 63 63 56 70 .<\/p>\n<p><em>Communiqu\u00e9 et photo de Robert Linas.<\/em><\/p>\n<p><a href=\"https:\/\/www.o-p-i.fr\/parlonsen\/agenda\/\"><strong>Retrouvez tous les \u00e9v\u00e8nements dans l&rsquo;agenda !<\/strong><\/a><\/p>\n","protected":false},"excerpt":{"rendered":"<div class=\"mh-excerpt\">Les A\u00een\u00e9s de L\u00e9ojac et des environs organisent un grand vide-greniers le Dimanche 2 Octobre 2011.<\/div>\n","protected":false},"author":2,"featured_media":0,"comment_status":"open","ping_status":"open","sticky":false,"template":"","format":"standard","meta":{"om_disable_all_campaigns":false,"advanced_seo_description":"","jetpack_seo_html_title":"","jetpack_seo_noindex":false,"_jetpack_memberships_contains_paid_content":false,"footnotes":"","_links_to":"","_links_to_target":""},"categories":[4,30,54,1050],"tags":[2553,82],"class_list":{"0":"post-9578","1":"post","2":"type-post","3":"status-publish","4":"format-standard","6":"category-commerce","7":"category-leojac","8":"category-loisirs","9":"category-n-65-septembre-2011","10":"tag-leojac","11":"tag-aines"},"jetpack_featured_media_url":"","views":{"total":0,"cached_at":"","cached_date":1738513703},"jetpack_likes_enabled":true,"jetpack_sharing_enabled":true,"jetpack_shortlink":"https:\/\/wp.me\/pg7Wxj-2uu","jetpack-related-posts":[],"_links":{"self":[{"href":"https:\/\/www.o-p-i.fr\/parlonsen\/wp-json\/wp\/v2\/posts\/9578","targetHints":{"allow":["GET"]}}],"collection":[{"href":"https:\/\/www.o-p-i.fr\/parlonsen\/wp-json\/wp\/v2\/posts"}],"about":[{"href":"https:\/\/www.o-p-i.fr\/parlonsen\/wp-json\/wp\/v2\/types\/post"}],"author":[{"embeddable":true,"href":"https:\/\/www.o-p-i.fr\/parlonsen\/wp-json\/wp\/v2\/users\/2"}],"replies":[{"embeddable":true,"href":"https:\/\/www.o-p-i.fr\/parlonsen\/wp-json\/wp\/v2\/comments?post=9578"}],"version-history":[{"count":0,"href":"https:\/\/www.o-p-i.fr\/parlonsen\/wp-json\/wp\/v2\/posts\/9578\/revisions"}],"wp:attachment":[{"href":"https:\/\/www.o-p-i.fr\/parlonsen\/wp-json\/wp\/v2\/media?parent=9578"}],"wp:term":[{"taxonomy":"category","embeddable":true,"href":"https:\/\/www.o-p-i.fr\/parlonsen\/wp-json\/wp\/v2\/categories?post=9578"},{"taxonomy":"post_tag","embeddable":true,"href":"https:\/\/www.o-p-i.fr\/parlonsen\/wp-json\/wp\/v2\/tags?post=9578"}],"curies":[{"name":"wp","href":"https:\/\/api.w.org\/{rel}","templated":true}]}}