{"id":9643,"date":"2011-09-28T16:35:58","date_gmt":"2011-09-28T14:35:58","guid":{"rendered":"\/parlonsen\/?p=9643"},"modified":"2011-09-28T16:35:58","modified_gmt":"2011-09-28T14:35:58","slug":"le-retour-du-jeudi-29-septembre-concert-du-duo-parleur","status":"publish","type":"post","link":"https:\/\/www.o-p-i.fr\/parlonsen\/parlons-en\/culture\/le-retour-du-jeudi-29-septembre-concert-du-duo-parleur\/","title":{"rendered":"Le Retour du Jeudi 29 Septembre : Concert Du Duo Parleur"},"content":{"rendered":"<p>Vous avez ci-dessous les infos suivantes : le Retour du Jeudi 29 Septembre 2011, et le concert gratuit pour la sortie du double album de\u00a0 Double Hapax.<!--more--><\/p>\n<p style=\"text-align: justify;\"><span style=\"color: #008000;\"><strong><\/p>\n<figure id=\"attachment_9644\" aria-describedby=\"caption-attachment-9644\" style=\"width: 377px\" class=\"wp-caption alignright\"><strong><a href=\"http:\/\/www.duoparleur.fr\/\"><img data-recalc-dims=\"1\" loading=\"lazy\" decoding=\"async\" class=\"size-full wp-image-9644\" title=\"Le Duo Parleur \u00e0 Albi (81)\" src=\"https:\/\/i0.wp.com\/www.o-p-i.fr\/parlonsen\/wp-content\/uploads\/duoparleur.jpg?resize=377%2C200&#038;ssl=1\" alt=\"Le Duo Parleur \u00e0 Albi (81)\" width=\"377\" height=\"200\" srcset=\"https:\/\/i0.wp.com\/www.o-p-i.fr\/parlonsen\/wp-content\/uploads\/duoparleur.jpg?w=377&amp;ssl=1 377w, https:\/\/i0.wp.com\/www.o-p-i.fr\/parlonsen\/wp-content\/uploads\/duoparleur.jpg?resize=300%2C159&amp;ssl=1 300w\" sizes=\"auto, (max-width: 377px) 100vw, 377px\" \/><\/a><\/strong><figcaption id=\"caption-attachment-9644\" class=\"wp-caption-text\">Le Duo Parleur \u00e0 Albi (81)<\/figcaption><\/figure>\n<p>Le Duo parleur, chanson caustique<\/strong><\/span><br \/>\nJeudi 29 septembre 2011 \u00e0 18 h au Foyer, b\u00e2timent Pascal(e) Ambic<\/p>\n<p style=\"text-align: justify;\">Parce qu&rsquo;il ne fait jamais rien comme tout le monde, le Duo Parleur est, comme son nom ne l&rsquo;indique pas, un trio qui chante. Jeux de mots caustiques, portraits politiques et engagement po\u00e9tique, p\u00e9tris de d\u00e9rision, de franche rigolade, de malice, d&rsquo;humour noir et de tendresse. Avec une chanson sur les b\u00e8gues, une autre sur les nains, un sketch sur les borgnes, l&rsquo;invitation \u00e0 \u00eatre radin ou l&rsquo;aspiration \u00e0 \u00e9pouser un vieux riche, leur humour vache et d\u00e9capant met le doigt o\u00f9 \u00e7a fait mal.<\/p>\n<p style=\"text-align: justify;\">Chantons sous les toits de la fac, avec L&rsquo;Oiseau-Lyre Compagnie.<\/p>\n<p>Gratuit.<\/p>\n<p>Site : <a title=\"Ouvre le site dans une nouvelle fen\u00eatre\" href=\"http:\/\/www.duoparleur.fr\/\" target=\"_blank\">www.duoparleur.fr\/<\/a><\/p>\n<p><span style=\"color: #008000;\">********************************************************************************<\/span><\/p>\n<p><span style=\"color: #008000;\"><strong>Petit rappel :<\/strong><\/span> Le premier album de DOUBLE HAPAX, \u00ab\u00a0OXYMORE OU VIF\u00a0\u00bb, sortira le <span style=\"color: #008000;\"><strong>Samedi 8 Octobre 2011<\/strong><\/span>. <a title=\"Voir l'article dans Parlons En\" href=\"https:\/\/www.o-p-i.fr\/parlonsen\/parlons-en\/culture\/concert-gratuit-de-double-hapax-a-albi\/\">En savoir +<\/a><\/p>\n<p>J\u00e9r\u00f4me Cabot<br \/>\nCharg\u00e9 de mission \u00e0 l&rsquo;action culturelle<br \/>\nMCF en Litt\u00e9rature fran\u00e7aise<br \/>\nUniversit\u00e9 Champollion Albi \/ Rodez \/ Castres<br \/>\nT\u00e9l. : 05 63 48 19 70<br \/>\nPermanences : le mardi 14 h &#8211; 17 h &amp; le jeudi 9 h &#8211; 12 h<br \/>\nSite : <a title=\"Ouvre le site dans une nouvelle fen\u00eatre\" href=\"http:\/\/www.myspace.com\/champoculture\" target=\"_blank\">http:\/\/www.myspace.com\/champoculture<\/a><\/p>\n<p><a href=\"https:\/\/www.o-p-i.fr\/parlonsen\/agenda\/\"><strong>Retrouvez tous les \u00e9v\u00e8nements dans l&rsquo;agenda !<\/strong><\/a><\/p>\n","protected":false},"excerpt":{"rendered":"<div class=\"mh-excerpt\">Vous avez ci-dessous les infos suivantes : le Retour du Jeudi 29 Septembre 2011, et le concert gratuit pour la sortie du double album de\u00a0 Double Hapax.<\/div>\n","protected":false},"author":7,"featured_media":0,"comment_status":"open","ping_status":"open","sticky":false,"template":"","format":"standard","meta":{"om_disable_all_campaigns":false,"advanced_seo_description":"","jetpack_seo_html_title":"","jetpack_seo_noindex":false,"_jetpack_memberships_contains_paid_content":false,"footnotes":"","_links_to":"","_links_to_target":""},"categories":[42,1,54,1079],"tags":[43,44,45,46,47,882,1085],"class_list":{"0":"post-9643","1":"post","2":"type-post","3":"status-publish","4":"format-standard","6":"category-a-cote-de-chez-nous","7":"category-culture","8":"category-loisirs","9":"category-n-66-octobre-2011","10":"tag-concert","11":"tag-albi","12":"tag-retour-du-jeudi","13":"tag-fac","14":"tag-champollion","15":"tag-double-hapax","16":"tag-duo-parleur"},"jetpack_featured_media_url":"","views":{"total":0,"cached_at":"","cached_date":1738515736},"jetpack_likes_enabled":true,"jetpack_sharing_enabled":true,"jetpack_shortlink":"https:\/\/wp.me\/pg7Wxj-2vx","jetpack-related-posts":[],"_links":{"self":[{"href":"https:\/\/www.o-p-i.fr\/parlonsen\/wp-json\/wp\/v2\/posts\/9643","targetHints":{"allow":["GET"]}}],"collection":[{"href":"https:\/\/www.o-p-i.fr\/parlonsen\/wp-json\/wp\/v2\/posts"}],"about":[{"href":"https:\/\/www.o-p-i.fr\/parlonsen\/wp-json\/wp\/v2\/types\/post"}],"author":[{"embeddable":true,"href":"https:\/\/www.o-p-i.fr\/parlonsen\/wp-json\/wp\/v2\/users\/7"}],"replies":[{"embeddable":true,"href":"https:\/\/www.o-p-i.fr\/parlonsen\/wp-json\/wp\/v2\/comments?post=9643"}],"version-history":[{"count":0,"href":"https:\/\/www.o-p-i.fr\/parlonsen\/wp-json\/wp\/v2\/posts\/9643\/revisions"}],"wp:attachment":[{"href":"https:\/\/www.o-p-i.fr\/parlonsen\/wp-json\/wp\/v2\/media?parent=9643"}],"wp:term":[{"taxonomy":"category","embeddable":true,"href":"https:\/\/www.o-p-i.fr\/parlonsen\/wp-json\/wp\/v2\/categories?post=9643"},{"taxonomy":"post_tag","embeddable":true,"href":"https:\/\/www.o-p-i.fr\/parlonsen\/wp-json\/wp\/v2\/tags?post=9643"}],"curies":[{"name":"wp","href":"https:\/\/api.w.org\/{rel}","templated":true}]}}