{"id":9770,"date":"2011-10-11T17:00:45","date_gmt":"2011-10-11T15:00:45","guid":{"rendered":"\/parlonsen\/?p=9770"},"modified":"2025-11-10T15:14:53","modified_gmt":"2025-11-10T14:14:53","slug":"latelier-conte-demenage-a-rabastens","status":"publish","type":"post","link":"https:\/\/www.o-p-i.fr\/parlonsen\/parlons-en\/culture\/latelier-conte-demenage-a-rabastens\/","title":{"rendered":"L&rsquo;atelier Conte d\u00e9m\u00e9nage &#8230; \u00e0 Rabastens"},"content":{"rendered":"<p>L&rsquo;atelier conte d\u00e9m\u00e9nage et quitte\u00a0 Gaillac pour continuer ses activit\u00e9s \u00e0 \u00ab\u00a0La Remise du Cinq\u00a0\u00bb \u00e0 Rabastens.<!--more--><\/p>\n<p style=\"text-align: justify;\">Se familiariser \u00e0 la prise de parole, l\u2019expression orale, l\u2018approche du conte, la pr\u00e9sence sc\u00e9nique. D\u00e9velopper l\u2019imaginaire. Reconna\u00eetre et activer son potentiel, prendre conscience de ses avantages et d\u00e9fauts. Ou tout simplement d\u00e9couvrir la magie du conte et le plaisir de conter. Se confronter \u00e0 un public sous une forme collective ou individuelle.<\/p>\n<p style=\"text-align: justify;\">D\u00e9butants et amateurs du conte, biblioth\u00e9caires, enseignants, parents et toutes personnes d\u00e9sirant explorer les possibilit\u00e9s de l\u2019oralit\u00e9 et du conte.<\/p>\n<p style=\"text-align: justify;\">L&rsquo;atelier conte reste ouvert \u00e0 tous \u00e0 partir de seize ans, n&rsquo;h\u00e9sitez pas \u00e0 nous rejoindre, et si vous avez des id\u00e9es, des besoins ou des envies particuli\u00e8res de pistes de travail, c&rsquo;est encore mieux.<\/p>\n<p><span style=\"color: #800000;\"><strong>Tarifs :<\/strong><br \/>\n<\/span>90 et 60 euros par trimestre selon revenus.<\/p>\n<p><span style=\"color: #800000;\"><strong>Pour y aller &#8230;<\/strong><\/span><br \/>\n<a title=\"Ouvre le plan dans une nouvelle fen\u00eatre\" href=\"http:\/\/maps.google.fr\/maps?q=Quai+Escoussi%C3%A8res+81800+Rabastens&amp;hl=fr&amp;ie=UTF8&amp;ll=43.821926,1.725111&amp;spn=0.008886,0.026157&amp;sll=43.82174,1.725111&amp;sspn=0.008886,0.026157&amp;vpsrc=0&amp;hq=Quai+Escoussi%C3%A8res&amp;hnear=Rabastens,+Tarn,+Midi-Pyr%C3%A9n%C3%A9es&amp;t=m&amp;z=16\" target=\"_blank\">La Remise du 5<br \/>\n5 Quai Escoussi\u00e8res<br \/>\n81800 Rabastens<\/a><br \/>\nApr\u00e8s le nouveau rond point, direction Toulouse<\/p>\n<p><span style=\"color: #800000;\"><strong>Contact : <\/strong><\/span><a title=\"Cliquez pour ouvrir la fiche dans l'annuaire d'OPI\" href=\"https:\/\/www.o-p-i.fr\/aupays\/vie-des-communes\/vie-a-la-sauziere-saint-jean\/cie-in-vivo-veritas\/\">Cie \u00ab\u00a0In Vivo Veritas\u00a0\u00bb<\/a><\/p>\n<p><em>Communiqu\u00e9 de Oliviero Vendraminetto, membre du collectif professionnel \u00ab\u00a0RaconTarn\u00a0\u00bb.<\/em><\/p>\n","protected":false},"excerpt":{"rendered":"<div class=\"mh-excerpt\">L&rsquo;atelier conte d\u00e9m\u00e9nage et quitte\u00a0 Gaillac pour continuer ses activit\u00e9s \u00e0 \u00ab\u00a0La Remise du Cinq\u00a0\u00bb \u00e0 Rabastens.<\/div>\n","protected":false},"author":2,"featured_media":0,"comment_status":"open","ping_status":"open","sticky":false,"template":"","format":"standard","meta":{"om_disable_all_campaigns":false,"advanced_seo_description":"","jetpack_seo_html_title":"","jetpack_seo_noindex":false,"_jetpack_memberships_contains_paid_content":false,"footnotes":"","_links_to":"","_links_to_target":""},"categories":[52,42,1,725,54,1079],"tags":[72,180,2889],"class_list":{"0":"post-9770","1":"post","2":"type-post","3":"status-publish","4":"format-standard","6":"category-parlons-en","7":"category-a-cote-de-chez-nous","8":"category-culture","9":"category-formation-parlons-en","10":"category-loisirs","11":"category-n-66-octobre-2011","12":"tag-rabastens","13":"tag-atelier","14":"tag-contes"},"jetpack_featured_media_url":"","views":{"total":0,"cached_at":"","cached_date":1738469336},"jetpack_likes_enabled":true,"jetpack_sharing_enabled":true,"jetpack_shortlink":"https:\/\/wp.me\/pg7Wxj-2xA","jetpack-related-posts":[],"_links":{"self":[{"href":"https:\/\/www.o-p-i.fr\/parlonsen\/wp-json\/wp\/v2\/posts\/9770","targetHints":{"allow":["GET"]}}],"collection":[{"href":"https:\/\/www.o-p-i.fr\/parlonsen\/wp-json\/wp\/v2\/posts"}],"about":[{"href":"https:\/\/www.o-p-i.fr\/parlonsen\/wp-json\/wp\/v2\/types\/post"}],"author":[{"embeddable":true,"href":"https:\/\/www.o-p-i.fr\/parlonsen\/wp-json\/wp\/v2\/users\/2"}],"replies":[{"embeddable":true,"href":"https:\/\/www.o-p-i.fr\/parlonsen\/wp-json\/wp\/v2\/comments?post=9770"}],"version-history":[{"count":1,"href":"https:\/\/www.o-p-i.fr\/parlonsen\/wp-json\/wp\/v2\/posts\/9770\/revisions"}],"predecessor-version":[{"id":67328,"href":"https:\/\/www.o-p-i.fr\/parlonsen\/wp-json\/wp\/v2\/posts\/9770\/revisions\/67328"}],"wp:attachment":[{"href":"https:\/\/www.o-p-i.fr\/parlonsen\/wp-json\/wp\/v2\/media?parent=9770"}],"wp:term":[{"taxonomy":"category","embeddable":true,"href":"https:\/\/www.o-p-i.fr\/parlonsen\/wp-json\/wp\/v2\/categories?post=9770"},{"taxonomy":"post_tag","embeddable":true,"href":"https:\/\/www.o-p-i.fr\/parlonsen\/wp-json\/wp\/v2\/tags?post=9770"}],"curies":[{"name":"wp","href":"https:\/\/api.w.org\/{rel}","templated":true}]}}