{"id":9847,"date":"2011-10-19T16:09:35","date_gmt":"2011-10-19T14:09:35","guid":{"rendered":"\/parlonsen\/?p=9847"},"modified":"2011-10-19T16:09:35","modified_gmt":"2011-10-19T14:09:35","slug":"the-dansant-avec-les-copains-du-musette-a-leojac","status":"publish","type":"post","link":"https:\/\/www.o-p-i.fr\/parlonsen\/localisation\/au-pays-des-tescous\/leojac\/the-dansant-avec-les-copains-du-musette-a-leojac\/","title":{"rendered":"Th\u00e9 dansant avec Les Copains du Musette &#8230; \u00e0 L\u00e9ojac"},"content":{"rendered":"<p><span style=\"color: #800000;\"><strong>Le club des A\u00een\u00e9s de L\u00e9ojac et des environs<\/strong><\/span> organise, ce <span style=\"color: #800000;\"><strong>Jeudi 20 Octobre 2011<\/strong><\/span> \u00e0 partir de 14h30, un th\u00e9 dansant anim\u00e9 par Les Copains du Musette.<!--more--><\/p>\n<figure id=\"attachment_9848\" aria-describedby=\"caption-attachment-9848\" style=\"width: 400px\" class=\"wp-caption alignright\"><a href=\"https:\/\/i0.wp.com\/www.o-p-i.fr\/parlonsen\/wp-content\/uploads\/thedansantleojac.jpg?ssl=1\"><img data-recalc-dims=\"1\" loading=\"lazy\" decoding=\"async\" class=\"size-full wp-image-9848\" title=\"L\u00e9ojac (82)\" src=\"https:\/\/i0.wp.com\/www.o-p-i.fr\/parlonsen\/wp-content\/uploads\/thedansantleojac.jpg?resize=400%2C266&#038;ssl=1\" alt=\"L\u00e9ojac (82)\" width=\"400\" height=\"266\" srcset=\"https:\/\/i0.wp.com\/www.o-p-i.fr\/parlonsen\/wp-content\/uploads\/thedansantleojac.jpg?w=400&amp;ssl=1 400w, https:\/\/i0.wp.com\/www.o-p-i.fr\/parlonsen\/wp-content\/uploads\/thedansantleojac.jpg?resize=300%2C199&amp;ssl=1 300w\" sizes=\"auto, (max-width: 400px) 100vw, 400px\" \/><\/a><figcaption id=\"caption-attachment-9848\" class=\"wp-caption-text\">L\u00e9ojac (82)<\/figcaption><\/figure>\n<p>Venez nombreux \u00e0 ce rendez vous de la danse et de l&rsquo;amiti\u00e9.<\/p>\n<p><span style=\"color: #800000;\"><strong>Contact : <\/strong><\/span><br \/>\nT\u00e9l. : 05 63 63 56 70ou\u00a0 05 63 67 55 25 .<\/p>\n<p><em>Communiqu\u00e9 de Robert Linas.<\/em><\/p>\n<p><a href=\"https:\/\/www.o-p-i.fr\/parlonsen\/agenda\/\"><strong>Retrouvez tous les \u00e9v\u00e8nements dans l&rsquo;agenda !<\/strong><\/a><\/p>\n","protected":false},"excerpt":{"rendered":"<div class=\"mh-excerpt\">Le club des A\u00een\u00e9s de L\u00e9ojac et des environs organise, ce Jeudi 20 Octobre 2011 \u00e0 partir de 14h30, un th\u00e9 dansant anim\u00e9 par Les Copains du Musette.<\/div>\n","protected":false},"author":2,"featured_media":0,"comment_status":"open","ping_status":"open","sticky":false,"template":"","format":"standard","meta":{"om_disable_all_campaigns":false,"advanced_seo_description":"","jetpack_seo_html_title":"","jetpack_seo_noindex":false,"_jetpack_memberships_contains_paid_content":false,"footnotes":"","_links_to":"","_links_to_target":""},"categories":[30,54,1079],"tags":[82,2553,80],"class_list":{"0":"post-9847","1":"post","2":"type-post","3":"status-publish","4":"format-standard","6":"category-leojac","7":"category-loisirs","8":"category-n-66-octobre-2011","9":"tag-aines","10":"tag-leojac","11":"tag-the-dansant"},"jetpack_featured_media_url":"","views":{"total":0,"cached_at":"","cached_date":1738331377},"jetpack_likes_enabled":true,"jetpack_sharing_enabled":true,"jetpack_shortlink":"https:\/\/wp.me\/pg7Wxj-2yP","jetpack-related-posts":[],"_links":{"self":[{"href":"https:\/\/www.o-p-i.fr\/parlonsen\/wp-json\/wp\/v2\/posts\/9847","targetHints":{"allow":["GET"]}}],"collection":[{"href":"https:\/\/www.o-p-i.fr\/parlonsen\/wp-json\/wp\/v2\/posts"}],"about":[{"href":"https:\/\/www.o-p-i.fr\/parlonsen\/wp-json\/wp\/v2\/types\/post"}],"author":[{"embeddable":true,"href":"https:\/\/www.o-p-i.fr\/parlonsen\/wp-json\/wp\/v2\/users\/2"}],"replies":[{"embeddable":true,"href":"https:\/\/www.o-p-i.fr\/parlonsen\/wp-json\/wp\/v2\/comments?post=9847"}],"version-history":[{"count":0,"href":"https:\/\/www.o-p-i.fr\/parlonsen\/wp-json\/wp\/v2\/posts\/9847\/revisions"}],"wp:attachment":[{"href":"https:\/\/www.o-p-i.fr\/parlonsen\/wp-json\/wp\/v2\/media?parent=9847"}],"wp:term":[{"taxonomy":"category","embeddable":true,"href":"https:\/\/www.o-p-i.fr\/parlonsen\/wp-json\/wp\/v2\/categories?post=9847"},{"taxonomy":"post_tag","embeddable":true,"href":"https:\/\/www.o-p-i.fr\/parlonsen\/wp-json\/wp\/v2\/tags?post=9847"}],"curies":[{"name":"wp","href":"https:\/\/api.w.org\/{rel}","templated":true}]}}