{"id":9969,"date":"2011-10-31T21:51:51","date_gmt":"2011-10-31T19:51:51","guid":{"rendered":"\/parlonsen\/?p=9969"},"modified":"2011-11-01T23:54:15","modified_gmt":"2011-11-01T21:54:15","slug":"granda-festa-porcala-et-bourse-aux-jouets-a-monclar-de-quercy","status":"publish","type":"post","link":"https:\/\/www.o-p-i.fr\/parlonsen\/parlons-en\/culture\/granda-festa-porcala-et-bourse-aux-jouets-a-monclar-de-quercy\/","title":{"rendered":"Granda F\u00e8sta Porcala et Bourse aux Jouets &#8230; \u00e0 Monclar de Quercy"},"content":{"rendered":"<p style=\"text-align: justify;\">L&rsquo;<a title=\"Cliquez pour ouvrir la fiche dans l'annuaire d'OPI\" href=\"https:\/\/www.o-p-i.fr\/aupays\/annuaire\/tourisme\/office-du-tourisme\/\">Office du Tourisme de Monclar de Quercy<\/a> organise, comme chaque ann\u00e9e, une B<span style=\"color: #000080;\"><strong>ourse aux jouets et pu\u00e9riculture ainsi que la F\u00e8sta Porcala de Monclar de Quercy le Samedi 19 Novembre 2011<\/strong><\/span>, \u00e0 l&rsquo;Esplanade des lacs.<!--more--><\/p>\n<ul>\n<li>\n<figure id=\"attachment_9974\" aria-describedby=\"caption-attachment-9974\" style=\"width: 317px\" class=\"wp-caption alignright\"><a href=\"https:\/\/i0.wp.com\/www.o-p-i.fr\/parlonsen\/wp-content\/uploads\/affiche_festaporcala.jpg?ssl=1\"><img data-recalc-dims=\"1\" loading=\"lazy\" decoding=\"async\" class=\"size-full wp-image-9974  \" title=\"Monclar de Quercy (82)\" src=\"https:\/\/i0.wp.com\/www.o-p-i.fr\/parlonsen\/wp-content\/uploads\/affiche_festaporcala.jpg?resize=317%2C378&#038;ssl=1\" alt=\"Monclar de Quercy (82)\" width=\"317\" height=\"378\" srcset=\"https:\/\/i0.wp.com\/www.o-p-i.fr\/parlonsen\/wp-content\/uploads\/affiche_festaporcala.jpg?w=660&amp;ssl=1 660w, https:\/\/i0.wp.com\/www.o-p-i.fr\/parlonsen\/wp-content\/uploads\/affiche_festaporcala.jpg?resize=251%2C300&amp;ssl=1 251w\" sizes=\"auto, (max-width: 317px) 100vw, 317px\" \/><\/a><figcaption id=\"caption-attachment-9974\" class=\"wp-caption-text\">Monclar de Quercy (82)<\/figcaption><\/figure>\n<p style=\"text-align: justify;\"><span style=\"color: #000080;\"><strong>De 9h \u00e0 17h : Bourse aux jouets et pu\u00e9riculture<\/strong><\/span><\/p>\n<\/li>\n<\/ul>\n<p>Tout ce qui concerne l&rsquo;enfant de 0 \u00e0 16 ans.<\/p>\n<p>Emplacements : 5\u20ac la table de 2m.<br \/>\nT\u00e9l\u00e9charger le bulletin d&rsquo;inscription <a href=\"https:\/\/www.o-p-i.fr\/parlonsen\/wp-content\/uploads\/bulletin_festaporcala_bourse2011.pdf\">en cliquant ici.<\/a><\/p>\n<p>Petite restauration sur place<\/p>\n<ul>\n<li><span style=\"color: #000080;\"><strong>14h : Ateliers de confection de charcuterie traditionnelle<\/strong><\/span><\/li>\n<\/ul>\n<p>Pr\u00e9paration et cuisson du millas.<br \/>\nAnimation par <a title=\"Voir les articles relatifs dasn Parlons En !\" href=\"https:\/\/www.o-p-i.fr\/parlonsen\/tag\/lo-reviscol\/\">Lo Revisc\u00f2l<\/a><\/p>\n<ul>\n<li>1<span style=\"color: #000080;\"><strong>9h30 :\u00a0  Repas<\/strong><\/span><\/li>\n<\/ul>\n<p>Kir\/Assiette de charcuterie \/ Saucisse-Haricots \/ Fromage-Tarte aux pommes \/ Caf\u00e9 et vin compris<\/p>\n<p><span style=\"color: #000080;\">Tarifs:<\/span><br \/>\nAdulte : 13,00 \u20ac<br \/>\nEnfant + de 6 ans : 6,00 \u20ac<\/p>\n<p>T\u00e9l\u00e9charger le bulletin d&rsquo;inscription <a href=\"..\/wp-content\/uploads\/bulletin_festaporcala_bourse2011.pdf\">en cliquant ici.<\/a><\/p>\n<ul>\n<li><span style=\"color: #000080;\"><strong>Bal avec Bernard GACHES<\/strong><\/span> &#8211; Accord\u00e9oniste Chanteur<\/li>\n<\/ul>\n<p>Musette, vari\u00e9t\u00e9, Folklore, Musiques d\u2019Ambiances<br \/>\n<a href=\"https:\/\/www.o-p-i.fr\/parlonsen\/wp-content\/uploads\/bulletin_festaporcala_bourse2011.pdf\"><\/a><\/p>\n<p style=\"text-align: justify;\"><span style=\"color: #000080;\"><strong>Contact : <\/strong><\/span><a title=\"Cliquez pour ouvrir la fiche dans l'annuaire d'OPI\" href=\"https:\/\/www.o-p-i.fr\/aupays\/annuaire\/tourisme\/office-du-tourisme\/\">Office du Tourisme<\/a><\/p>\n<p style=\"text-align: justify;\"><em>Communiqu\u00e9 de Robert Linas<\/em><\/p>\n<p style=\"text-align: justify;\"><a href=\"https:\/\/www.o-p-i.fr\/parlonsen\/agenda\/\"><strong>Retrouvez tous les \u00e9v\u00e8nements dans l&rsquo;agenda !<\/strong><\/a><\/p>\n","protected":false},"excerpt":{"rendered":"<div class=\"mh-excerpt\">L&rsquo;Office du Tourisme de Monclar de Quercy organise, comme chaque ann\u00e9e, une Bourse aux jouets et pu\u00e9riculture ainsi que la F\u00e8sta Porcala de Monclar de Quercy le Samedi 19 Novembre 2011, \u00e0 l&rsquo;Esplanade des lacs.<\/div>\n","protected":false},"author":2,"featured_media":0,"comment_status":"open","ping_status":"open","sticky":false,"template":"","format":"standard","meta":{"om_disable_all_campaigns":false,"advanced_seo_description":"","jetpack_seo_html_title":"","jetpack_seo_noindex":false,"_jetpack_memberships_contains_paid_content":false,"footnotes":"","_links_to":"","_links_to_target":""},"categories":[3,51,4,1,16,54,1104],"tags":[143,156,157,175,180,196,212,228,336,368,753,758],"class_list":{"0":"post-9969","1":"post","2":"type-post","3":"status-publish","4":"format-standard","6":"category-agriculture","7":"category-artisanat","8":"category-commerce","9":"category-culture","10":"category-monclar","11":"category-loisirs","12":"category-n-67-novembre-2011","13":"tag-monclar-de-quercy","14":"tag-bal","15":"tag-repas","16":"tag-terroir","17":"tag-atelier","18":"tag-traditions","19":"tag-cuisine","20":"tag-patrimoine","21":"tag-lo-reviscol","22":"tag-produit-du-terroir","23":"tag-recette","24":"tag-bourse-aux-jouets"},"jetpack_featured_media_url":"","views":{"total":0,"cached_at":"","cached_date":1738535485},"jetpack_likes_enabled":true,"jetpack_sharing_enabled":true,"jetpack_shortlink":"https:\/\/wp.me\/pg7Wxj-2AN","jetpack-related-posts":[],"_links":{"self":[{"href":"https:\/\/www.o-p-i.fr\/parlonsen\/wp-json\/wp\/v2\/posts\/9969","targetHints":{"allow":["GET"]}}],"collection":[{"href":"https:\/\/www.o-p-i.fr\/parlonsen\/wp-json\/wp\/v2\/posts"}],"about":[{"href":"https:\/\/www.o-p-i.fr\/parlonsen\/wp-json\/wp\/v2\/types\/post"}],"author":[{"embeddable":true,"href":"https:\/\/www.o-p-i.fr\/parlonsen\/wp-json\/wp\/v2\/users\/2"}],"replies":[{"embeddable":true,"href":"https:\/\/www.o-p-i.fr\/parlonsen\/wp-json\/wp\/v2\/comments?post=9969"}],"version-history":[{"count":0,"href":"https:\/\/www.o-p-i.fr\/parlonsen\/wp-json\/wp\/v2\/posts\/9969\/revisions"}],"wp:attachment":[{"href":"https:\/\/www.o-p-i.fr\/parlonsen\/wp-json\/wp\/v2\/media?parent=9969"}],"wp:term":[{"taxonomy":"category","embeddable":true,"href":"https:\/\/www.o-p-i.fr\/parlonsen\/wp-json\/wp\/v2\/categories?post=9969"},{"taxonomy":"post_tag","embeddable":true,"href":"https:\/\/www.o-p-i.fr\/parlonsen\/wp-json\/wp\/v2\/tags?post=9969"}],"curies":[{"name":"wp","href":"https:\/\/api.w.org\/{rel}","templated":true}]}}