{"id":997,"date":"2009-11-04T10:50:48","date_gmt":"2009-11-04T08:50:48","guid":{"rendered":"\/parlonsen\/?p=997"},"modified":"2009-11-04T10:50:48","modified_gmt":"2009-11-04T08:50:48","slug":"un-college-dans-le-secteur-de-monclar","status":"publish","type":"post","link":"https:\/\/www.o-p-i.fr\/parlonsen\/parlons-en\/pratique\/un-college-dans-le-secteur-de-monclar\/","title":{"rendered":"Un Coll\u00e8ge dans le secteur de Monclar ?"},"content":{"rendered":"<p style=\"text-align: justify;\">On en a parl\u00e9 autrefois, on en reparle aujourd\u2019hui \u2026<!--more--><br \/>\nNous allons, dans les semaines \u00e0 venir, \u00e9tudier un projet de coll\u00e8ge dans le secteur Monclarais et nous avons besoin de relais sur les communes de Monclar et des environs (parents, grands parents, personnes disponibles&#8230;) pour participer \u00e0 l\u2019\u00e9tude de ce projet, amener de l\u2019eau au moulin\u2026<\/p>\n<p style=\"text-align: justify;\">Ce projet vous int\u00e9resse\u00a0?<\/p>\n<p>Merci de vous faire conna\u00eetre par courriel\u00a0: <a href=\"mailto:mc.mate@orange.fr\">mc.mate@orange.fr<\/a> ou par t\u00e9l\u00e9phone 06.13.18.20.48 et\/ou 05.63.40.55.41<\/p>\n<p style=\"text-align: right;\">Des parents soucieux de la qualit\u00e9 de vie de leurs enfants.<\/p>\n","protected":false},"excerpt":{"rendered":"<div class=\"mh-excerpt\">On en a parl\u00e9 autrefois, on en reparle aujourd\u2019hui \u2026<\/div>\n","protected":false},"author":8,"featured_media":0,"comment_status":"open","ping_status":"open","sticky":false,"template":"","format":"standard","meta":{"om_disable_all_campaigns":false,"advanced_seo_description":"","jetpack_seo_html_title":"","jetpack_seo_noindex":false,"_jetpack_memberships_contains_paid_content":false,"footnotes":"","_links_to":"","_links_to_target":""},"categories":[16,6,141],"tags":[142,143],"class_list":{"0":"post-997","1":"post","2":"type-post","3":"status-publish","4":"format-standard","6":"category-monclar","7":"category-pratique","8":"category-n-43","9":"tag-college","10":"tag-monclar-de-quercy"},"jetpack_featured_media_url":"","views":{"total":0,"cached_at":"","cached_date":1738526977},"jetpack_likes_enabled":true,"jetpack_sharing_enabled":true,"jetpack_shortlink":"https:\/\/wp.me\/pg7Wxj-g5","jetpack-related-posts":[],"_links":{"self":[{"href":"https:\/\/www.o-p-i.fr\/parlonsen\/wp-json\/wp\/v2\/posts\/997","targetHints":{"allow":["GET"]}}],"collection":[{"href":"https:\/\/www.o-p-i.fr\/parlonsen\/wp-json\/wp\/v2\/posts"}],"about":[{"href":"https:\/\/www.o-p-i.fr\/parlonsen\/wp-json\/wp\/v2\/types\/post"}],"author":[{"embeddable":true,"href":"https:\/\/www.o-p-i.fr\/parlonsen\/wp-json\/wp\/v2\/users\/8"}],"replies":[{"embeddable":true,"href":"https:\/\/www.o-p-i.fr\/parlonsen\/wp-json\/wp\/v2\/comments?post=997"}],"version-history":[{"count":0,"href":"https:\/\/www.o-p-i.fr\/parlonsen\/wp-json\/wp\/v2\/posts\/997\/revisions"}],"wp:attachment":[{"href":"https:\/\/www.o-p-i.fr\/parlonsen\/wp-json\/wp\/v2\/media?parent=997"}],"wp:term":[{"taxonomy":"category","embeddable":true,"href":"https:\/\/www.o-p-i.fr\/parlonsen\/wp-json\/wp\/v2\/categories?post=997"},{"taxonomy":"post_tag","embeddable":true,"href":"https:\/\/www.o-p-i.fr\/parlonsen\/wp-json\/wp\/v2\/tags?post=997"}],"curies":[{"name":"wp","href":"https:\/\/api.w.org\/{rel}","templated":true}]}}