{"id":3432,"count":2,"description":"","link":"https:\/\/www.o-p-i.fr\/parlonsen\/tag\/la-fabrique-ephemere\/","name":"La fabrique \u00e9ph\u00e9m\u00e8re","slug":"la-fabrique-ephemere","taxonomy":"post_tag","meta":[],"_links":{"self":[{"href":"https:\/\/www.o-p-i.fr\/parlonsen\/wp-json\/wp\/v2\/tags\/3432","targetHints":{"allow":["GET"]}}],"collection":[{"href":"https:\/\/www.o-p-i.fr\/parlonsen\/wp-json\/wp\/v2\/tags"}],"about":[{"href":"https:\/\/www.o-p-i.fr\/parlonsen\/wp-json\/wp\/v2\/taxonomies\/post_tag"}],"wp:post_type":[{"href":"https:\/\/www.o-p-i.fr\/parlonsen\/wp-json\/wp\/v2\/posts?tags=3432"}],"curies":[{"name":"wp","href":"https:\/\/api.w.org\/{rel}","templated":true}]}}