{"id":6286,"count":2,"description":"","link":"https:\/\/www.o-p-i.fr\/parlonsen\/tag\/seance-theatrale-a-la-carte\/","name":"s\u00e9ance th\u00e9\u00e2trale \u00e0 la carte","slug":"seance-theatrale-a-la-carte","taxonomy":"post_tag","meta":[],"_links":{"self":[{"href":"https:\/\/www.o-p-i.fr\/parlonsen\/wp-json\/wp\/v2\/tags\/6286","targetHints":{"allow":["GET"]}}],"collection":[{"href":"https:\/\/www.o-p-i.fr\/parlonsen\/wp-json\/wp\/v2\/tags"}],"about":[{"href":"https:\/\/www.o-p-i.fr\/parlonsen\/wp-json\/wp\/v2\/taxonomies\/post_tag"}],"wp:post_type":[{"href":"https:\/\/www.o-p-i.fr\/parlonsen\/wp-json\/wp\/v2\/posts?tags=6286"}],"curies":[{"name":"wp","href":"https:\/\/api.w.org\/{rel}","templated":true}]}}