{"id":6533,"count":1,"description":"","link":"https:\/\/www.o-p-i.fr\/parlonsen\/tag\/mediatheque-noel-richard\/","name":"M\u00e9diath\u00e8que No\u00ebl Richard","slug":"mediatheque-noel-richard","taxonomy":"post_tag","meta":[],"_links":{"self":[{"href":"https:\/\/www.o-p-i.fr\/parlonsen\/wp-json\/wp\/v2\/tags\/6533","targetHints":{"allow":["GET"]}}],"collection":[{"href":"https:\/\/www.o-p-i.fr\/parlonsen\/wp-json\/wp\/v2\/tags"}],"about":[{"href":"https:\/\/www.o-p-i.fr\/parlonsen\/wp-json\/wp\/v2\/taxonomies\/post_tag"}],"wp:post_type":[{"href":"https:\/\/www.o-p-i.fr\/parlonsen\/wp-json\/wp\/v2\/posts?tags=6533"}],"curies":[{"name":"wp","href":"https:\/\/api.w.org\/{rel}","templated":true}]}}